{"id":10319,"date":"2024-01-12T23:28:15","date_gmt":"2024-01-12T22:28:15","guid":{"rendered":"https:\/\/www.sgmeschede-nord.de\/wpress\/?p=10319"},"modified":"2024-04-07T23:32:32","modified_gmt":"2024-04-07T21:32:32","slug":"generalversammlung-2024","status":"publish","type":"post","link":"https:\/\/www.sgmeschede-nord.de\/wpress\/generalversammlung-2024\/","title":{"rendered":"Einladung Generalversammlung 2024"},"content":{"rendered":"<div id=\"pl-10319\"  class=\"panel-layout\" ><div id=\"pg-10319-0\"  class=\"panel-grid panel-no-style\" ><div id=\"pgc-10319-0-0\"  class=\"panel-grid-cell\" ><div id=\"panel-10319-0-0-0\" class=\"so-panel widget widget_sow-image panel-first-child panel-last-child\" data-index=\"0\" ><div\n\t\t\t\n\t\t\tclass=\"so-widget-sow-image so-widget-sow-image-default-8b5b6f678277-10319\"\n\t\t\t\n\t\t>\n<div class=\"sow-image-container\">\n\t\t<img \n\tsrc=\"https:\/\/www.sgmeschede-nord.de\/wpress\/wp-content\/uploads\/2024\/01\/Einladung_GV_2024.jpeg\" width=\"1080\" height=\"430\" srcset=\"https:\/\/www.sgmeschede-nord.de\/wpress\/wp-content\/uploads\/2024\/01\/Einladung_GV_2024.jpeg 1080w, https:\/\/www.sgmeschede-nord.de\/wpress\/wp-content\/uploads\/2024\/01\/Einladung_GV_2024-300x119.jpeg 300w, https:\/\/www.sgmeschede-nord.de\/wpress\/wp-content\/uploads\/2024\/01\/Einladung_GV_2024-1024x408.jpeg 1024w, https:\/\/www.sgmeschede-nord.de\/wpress\/wp-content\/uploads\/2024\/01\/Einladung_GV_2024-768x306.jpeg 768w, https:\/\/www.sgmeschede-nord.de\/wpress\/wp-content\/uploads\/2024\/01\/Einladung_GV_2024-880x350.jpeg 880w, https:\/\/www.sgmeschede-nord.de\/wpress\/wp-content\/uploads\/2024\/01\/Einladung_GV_2024-600x240.jpeg 600w\" sizes=\"(max-width: 1080px) 100vw, 1080px\" alt=\"\" \t\tclass=\"so-widget-image\"\/>\n\t<\/div>\n\n<\/div><\/div><\/div><\/div><div id=\"pg-10319-1\"  class=\"panel-grid panel-no-style\" ><div id=\"pgc-10319-1-0\"  class=\"panel-grid-cell\" ><div id=\"panel-10319-1-0-0\" class=\"so-panel widget widget_text panel-first-child panel-last-child\" data-index=\"1\" >\t\t\t<div class=\"textwidget\"><div class=\"xdj266r x11i5rnm xat24cr x1mh8g0r x1vvkbs x126k92a\">\n<div dir=\"auto\">Am kommenden Samstag, den 20.01.2024 findet unsere Generalversammlung im Vereinshaus unserer Sch\u00fctzengemeinschaft (Von-Westphalen-Str. 42,59872 Meschede) statt.<\/div>\n<div dir=\"auto\"><\/div>\n<\/div>\n<div class=\"x11i5rnm xat24cr x1mh8g0r x1vvkbs xtlvy1s x126k92a\">\n<div dir=\"auto\">Wir freuen uns, wenn viele Mitglieder an unserer diesj\u00e4hrigen Generalversammlung teilnehmen!<\/div>\n<\/div>\n<div class=\"x11i5rnm xat24cr x1mh8g0r x1vvkbs xtlvy1s x126k92a\">\n<div dir=\"auto\">Es wird ein spannendes Jahr, denn im Juli werden wir unser Sch\u00fctzenfest zum 75 j\u00e4hrigen Bestehen mit einem gro\u00dfen Jubil\u00e4umssch\u00fctzenfest feiern.<\/div>\n<\/div>\n<\/div>\n\t\t<\/div><\/div><\/div><div id=\"pg-10319-2\"  class=\"panel-grid panel-no-style\" ><div id=\"pgc-10319-2-0\"  class=\"panel-grid-cell\" ><div id=\"panel-10319-2-0-0\" class=\"so-panel widget widget_text panel-first-child panel-last-child\" data-index=\"2\" >\t\t\t<div class=\"textwidget\"><p><strong>Tagesordnung:<\/strong><\/p>\n<ul>\n<li>TOP 1 &#8211; Er\u00f6ffnung, Begr\u00fc\u00dfung, Gedenken an die Verstorbenen<\/li>\n<li>TOP 2 &#8211; Verlesen der Niederschrift \u00fcber die Generalversammlung vom 28.01.2023<\/li>\n<li>TOP 3\u00a0 \u00a0&#8211; Gesch\u00e4ftsbericht<\/li>\n<li>TOP 4\u00a0 \u00a0&#8211; Kassenbericht<\/li>\n<li>TOP 5\u00a0 \u00a0&#8211; Bericht der Kassenpr\u00fcfer<\/li>\n<li>TOP 6\u00a0 \u00a0&#8211; Entlastug des Kassierers und des gesch\u00e4ftsf. Vorstandes<\/li>\n<li>TOP 7\u00a0 \u00a0&#8211; Bildung einer Wahlkommission<\/li>\n<li>TOP 8\u00a0 \u00a0&#8211; Bericht Sch\u00fctzenfest 2023<\/li>\n<li>TOP 9\u00a0 \u00a0&#8211; \u00c4nderungen zum Sch\u00fctzenfest<\/li>\n<li>TOP 10 &#8211; J\u00fcbil\u00e4umssch\u00fctzenfest 12.15.07.2024<\/li>\n<li>TOP 11\u00a0 &#8211; Ehrungen von Vorstandsmitgliedern<\/li>\n<li>TOP 12\u00a0 &#8211; Verabschiedung von Vorstandsmitgliedern<\/li>\n<li>TOP 13\u00a0 &#8211; Best\u00e4tigung von Vorstandsmitgliedern<\/li>\n<li>TOP 14\u00a0 &#8211; Wahlen im gesch\u00e4ftsf\u00fchrenden Vorstand\n<ul>\n<li style=\"list-style-type: none;\">\n<ul>\n<li style=\"list-style-type: none;\">\n<ul>\n<li>Wahl des 1. Kassierers f\u00fcr 3 Jahre<\/li>\n<li>Wahl des Schriftf\u00fchrers + stellv. Gesch\u00e4ftsf\u00fchrers f\u00fcr 3 Jahre<\/li>\n<\/ul>\n<\/li>\n<\/ul>\n<\/li>\n<\/ul>\n<\/li>\n<li>TOP 15\u00a0 &#8211; Wahlen im repr\u00e4sentierenden Vorstand\n<ul>\n<li style=\"list-style-type: none;\">\n<ul>\n<li style=\"list-style-type: none;\">\n<ul>\n<li>Wahl des M\u00e4nnerf\u00e4hnrichs u. zwei Begleitern<\/li>\n<li>Wahl des Junggesellenf\u00e4hnrichs u. zwei Begleitern<\/li>\n<\/ul>\n<\/li>\n<\/ul>\n<\/li>\n<\/ul>\n<\/li>\n<li>TOP 16\u00a0 &#8211; Wahl eines Kassenpr\u00fcfers<\/li>\n<li>TOP 17\u00a0 &#8211; Bericht der Zugf\u00fchrer, des Seniorenvertreters, des Jugendleiters und des Schie\u00dfsportleiters<\/li>\n<li>TOP 18\u00a0 &#8211; Verschiedenes<\/li>\n<\/ul>\n<\/div>\n\t\t<\/div><\/div><\/div><\/div>","protected":false},"excerpt":{"rendered":"<p>Am kommenden Samstag, den 20.01.2024 findet unsere Generalversammlung im Vereinshaus unserer Sch\u00fctzengemeinschaft (Von-Westphalen-Str. 42,59872 Meschede) statt. Wir freuen uns, wenn viele Mitglieder an unserer diesj\u00e4hrigen Generalversammlung teilnehmen! Es wird ein spannendes Jahr, denn im Juli werden wir unser Sch\u00fctzenfest zum 75 j\u00e4hrigen Bestehen mit einem gro\u00dfen Jubil\u00e4umssch\u00fctzenfest feiern.<\/p>\n","protected":false},"author":1,"featured_media":10318,"comment_status":"closed","ping_status":"closed","sticky":false,"template":"","format":"standard","meta":{"pgc_sgb_lightbox_settings":"","footnotes":""},"categories":[1],"tags":[],"class_list":["post-10319","post","type-post","status-publish","format-standard","has-post-thumbnail","hentry","category-allgemein"],"_links":{"self":[{"href":"https:\/\/www.sgmeschede-nord.de\/wpress\/wp-json\/wp\/v2\/posts\/10319","targetHints":{"allow":["GET"]}}],"collection":[{"href":"https:\/\/www.sgmeschede-nord.de\/wpress\/wp-json\/wp\/v2\/posts"}],"about":[{"href":"https:\/\/www.sgmeschede-nord.de\/wpress\/wp-json\/wp\/v2\/types\/post"}],"author":[{"embeddable":true,"href":"https:\/\/www.sgmeschede-nord.de\/wpress\/wp-json\/wp\/v2\/users\/1"}],"replies":[{"embeddable":true,"href":"https:\/\/www.sgmeschede-nord.de\/wpress\/wp-json\/wp\/v2\/comments?post=10319"}],"version-history":[{"count":6,"href":"https:\/\/www.sgmeschede-nord.de\/wpress\/wp-json\/wp\/v2\/posts\/10319\/revisions"}],"predecessor-version":[{"id":10335,"href":"https:\/\/www.sgmeschede-nord.de\/wpress\/wp-json\/wp\/v2\/posts\/10319\/revisions\/10335"}],"wp:featuredmedia":[{"embeddable":true,"href":"https:\/\/www.sgmeschede-nord.de\/wpress\/wp-json\/wp\/v2\/media\/10318"}],"wp:attachment":[{"href":"https:\/\/www.sgmeschede-nord.de\/wpress\/wp-json\/wp\/v2\/media?parent=10319"}],"wp:term":[{"taxonomy":"category","embeddable":true,"href":"https:\/\/www.sgmeschede-nord.de\/wpress\/wp-json\/wp\/v2\/categories?post=10319"},{"taxonomy":"post_tag","embeddable":true,"href":"https:\/\/www.sgmeschede-nord.de\/wpress\/wp-json\/wp\/v2\/tags?post=10319"}],"curies":[{"name":"wp","href":"https:\/\/api.w.org\/{rel}","templated":true}]}}