{"id":10336,"date":"2024-01-28T19:35:31","date_gmt":"2024-01-28T18:35:31","guid":{"rendered":"https:\/\/www.sgmeschede-nord.de\/wpress\/?p=10336"},"modified":"2024-04-15T23:18:00","modified_gmt":"2024-04-15T21:18:00","slug":"generalversammlung-2024-2","status":"publish","type":"post","link":"https:\/\/www.sgmeschede-nord.de\/wpress\/generalversammlung-2024-2\/","title":{"rendered":"Generalversammlung 2024"},"content":{"rendered":"<div id=\"pl-10336\"  class=\"panel-layout\" ><div id=\"pg-10336-0\"  class=\"panel-grid panel-no-style\" ><div id=\"pgc-10336-0-0\"  class=\"panel-grid-cell\" ><div id=\"panel-10336-0-0-0\" class=\"so-panel widget widget_sow-image panel-first-child panel-last-child\" data-index=\"0\" ><div\n\t\t\t\n\t\t\tclass=\"so-widget-sow-image so-widget-sow-image-default-8b5b6f678277-10336\"\n\t\t\t\n\t\t>\n<div class=\"sow-image-container\">\n\t\t<img \n\tsrc=\"https:\/\/www.sgmeschede-nord.de\/wpress\/wp-content\/uploads\/2024\/01\/Generalversammlung-2024-scaled.jpg\" width=\"2560\" height=\"1707\" srcset=\"https:\/\/www.sgmeschede-nord.de\/wpress\/wp-content\/uploads\/2024\/01\/Generalversammlung-2024-scaled.jpg 2560w, https:\/\/www.sgmeschede-nord.de\/wpress\/wp-content\/uploads\/2024\/01\/Generalversammlung-2024-300x200.jpg 300w, https:\/\/www.sgmeschede-nord.de\/wpress\/wp-content\/uploads\/2024\/01\/Generalversammlung-2024-1024x683.jpg 1024w, https:\/\/www.sgmeschede-nord.de\/wpress\/wp-content\/uploads\/2024\/01\/Generalversammlung-2024-768x512.jpg 768w, https:\/\/www.sgmeschede-nord.de\/wpress\/wp-content\/uploads\/2024\/01\/Generalversammlung-2024-1536x1024.jpg 1536w, https:\/\/www.sgmeschede-nord.de\/wpress\/wp-content\/uploads\/2024\/01\/Generalversammlung-2024-2048x1365.jpg 2048w, https:\/\/www.sgmeschede-nord.de\/wpress\/wp-content\/uploads\/2024\/01\/Generalversammlung-2024-120x80.jpg 120w, https:\/\/www.sgmeschede-nord.de\/wpress\/wp-content\/uploads\/2024\/01\/Generalversammlung-2024-272x182.jpg 272w\" sizes=\"(max-width: 2560px) 100vw, 2560px\" title=\"Generalversammlung 2024\" alt=\"\" \t\tclass=\"so-widget-image\"\/>\n\t<\/div>\n\n<\/div><\/div><\/div><\/div><div id=\"pg-10336-1\"  class=\"panel-grid panel-no-style\" ><div id=\"pgc-10336-1-0\"  class=\"panel-grid-cell\" ><div id=\"panel-10336-1-0-0\" class=\"so-panel widget widget_text panel-first-child panel-last-child\" data-index=\"1\" >\t\t\t<div class=\"textwidget\"><div class=\"xdj266r x11i5rnm xat24cr x1mh8g0r x1vvkbs x126k92a\">\n<div dir=\"auto\">Am letzten Samstag fand unsere Generalversammlung des Jahres 2024 statt.<\/div>\n<\/div>\n<div class=\"x11i5rnm xat24cr x1mh8g0r x1vvkbs xtlvy1s x126k92a\">\n<div dir=\"auto\">Im gesch\u00e4ftsf\u00fchrenden Vorstand mussten folgende Posten turnusm\u00e4\u00dfig f\u00fcr 3 Jahre gew\u00e4hlt werden:<\/div>\n<div dir=\"auto\">-1. Kassierer<\/div>\n<div dir=\"auto\">-Schriftf\u00fchrer + stellv. Gesch\u00e4ftsf\u00fchrer<\/div>\n<\/div>\n<div class=\"x11i5rnm xat24cr x1mh8g0r x1vvkbs xtlvy1s x126k92a\">\n<div dir=\"auto\">Fabian Krick, der den Posten des 1. Kassierers bereits die letzten Jahre inne hatte, stand auch weiterhin hierf\u00fcr zur Verf\u00fcgung und wurde durch die Versammlung wiedergew\u00e4hlt.<\/div>\n<div dir=\"auto\">Ebenfalls wurde Malte Willmes erneut zum Schriftf\u00fchrer unserer Sch\u00fctzengemeinschaft gew\u00e4hlt.<\/div>\n<\/div>\n<div dir=\"auto\">\n<div class=\"x11i5rnm xat24cr x1mh8g0r x1vvkbs xtlvy1s x126k92a\">\n<div dir=\"auto\"><\/div>\n<div dir=\"auto\">Im repr\u00e4sentierenden Vorstand wurden folgende Posten mit folgenden Personen gew\u00e4hlt:<\/div>\n<\/div>\n<div class=\"x11i5rnm xat24cr x1mh8g0r x1vvkbs xtlvy1s x126k92a\">\n<div dir=\"auto\">M\u00e4nnerf\u00e4hnrich: Florian Kuhne<\/div>\n<div dir=\"auto\">M\u00e4nnerfahnenbegleiter: Lukas Mempel<\/div>\n<div dir=\"auto\">Junggesellenf\u00e4hnrich: Alexandros Liapsis<\/div>\n<div dir=\"auto\">Junggesellenfahnenbegleiter: Max Brieden<\/div>\n<div dir=\"auto\">Junggesellenfahnenbegleiter: Marius Willi Thiem<\/div>\n<\/div>\n<div class=\"x11i5rnm xat24cr x1mh8g0r x1vvkbs xtlvy1s x126k92a\">\n<div dir=\"auto\"><\/div>\n<div dir=\"auto\">Folgende weitere Vorstandsmitglieder wurden im Rahmen der Generalversammlung durch die Mitglieder best\u00e4tigt:<\/div>\n<\/div>\n<div class=\"x11i5rnm xat24cr x1mh8g0r x1vvkbs xtlvy1s x126k92a\">\n<div dir=\"auto\">Zugf\u00fchrer Zug 1: Daniel Moldenhauer<\/div>\n<div dir=\"auto\">Zugf\u00fchrer Zug 2: Marco Voss<\/div>\n<div dir=\"auto\">Jugendleiter: Tobias Heinemann<\/div>\n<div dir=\"auto\">Hausmeister Au\u00dfen: Reinhard Perk<\/div>\n<div dir=\"auto\">Hausmeister Innen: Kai Giers<\/div>\n<div dir=\"auto\">Medienbeauftragter: Dennis Hengesbach<\/div>\n<div dir=\"auto\">Als Kassenpr\u00fcfer f\u00fcr die n\u00e4chsten 2 Jahre wurde Christian Butz gew\u00e4hlt.<\/div>\n<\/div>\n<\/div>\n<\/div>\n\t\t<\/div><\/div><\/div><div id=\"pg-10336-2\"  class=\"panel-grid panel-no-style\" ><div id=\"pgc-10336-2-0\"  class=\"panel-grid-cell\" ><div id=\"panel-10336-2-0-0\" class=\"so-panel widget widget_text panel-first-child panel-last-child\" data-index=\"2\" >\t\t\t<div class=\"textwidget\"><div class=\"xdj266r x11i5rnm xat24cr x1mh8g0r x1vvkbs x126k92a\"><\/div>\n<div class=\"x11i5rnm xat24cr x1mh8g0r x1vvkbs xtlvy1s x126k92a\">\n<div dir=\"auto\">Eine besondere Ehre kam au\u00dferdem noch Malte Willmes zu Teil:<\/div>\n<\/div>\n<div class=\"x11i5rnm xat24cr x1mh8g0r x1vvkbs xtlvy1s x126k92a\">\n<div dir=\"auto\">Er wurde f\u00fcr 20 Jahre Vorstandst\u00e4tigkeit geehrt!<\/div>\n<div dir=\"auto\">Herzlichen Gl\u00fcckwunsch Malte und vielen Dank f\u00fcr dein langj\u00e4hriges Engagement!<\/div>\n<\/div>\n<div class=\"x11i5rnm xat24cr x1mh8g0r x1vvkbs xtlvy1s x126k92a\">\n<div dir=\"auto\"><\/div>\n<div dir=\"auto\">Leider mussten wir uns in diesem Jahr von zwei langj\u00e4hrigen Vorstandsmitgliedern verabschieden:<\/div>\n<div dir=\"auto\">Christian Spie\u00df begibt sich nach 21 Jahren Vorstandst\u00e4tigkeit (davon 13 Jahre im gesch\u00e4ftsf\u00fchrenden Vorstand) in den wohlverdienten &#8222;Vereinsruhestand&#8220;.<\/div>\n<div dir=\"auto\">Ebenfalls wird Matthias Kersting nach 18 Jahren Vorstandst\u00e4tigkeit auf unserem Sch\u00fctzenfest nicht mehr &#8222;in gr\u00fcn&#8220; sondern in zivil anzutreffen sein.<\/div>\n<\/div>\n<div class=\"x11i5rnm xat24cr x1mh8g0r x1vvkbs xtlvy1s x126k92a\">\n<div dir=\"auto\">Wir bedanken uns bei euch beiden f\u00fcr euer langj\u00e4hriges Engagement und w\u00fcnschen euch alles Gute!<\/div>\n<\/div>\n<div class=\"x11i5rnm xat24cr x1mh8g0r x1vvkbs xtlvy1s x126k92a\">\n<div dir=\"auto\">Ebenfalls begl\u00fcckw\u00fcnschen wir alle wiedergew\u00e4hlten bzw. best\u00e4tigten Vorstandsmitglieder und w\u00fcnschen euch eine tolle Zeit im Vorstand unseres Vereins!<\/div>\n<\/div>\n<div class=\"x11i5rnm xat24cr x1mh8g0r x1vvkbs xtlvy1s x126k92a\">\n<div dir=\"auto\"><\/div>\n<div dir=\"auto\">Ein weiterer Punkt auf der Tagesordnung war die ge\u00e4nderte Festfolge des Sch\u00fctzenfestes, sowie der Ablauf des Jubil\u00e4umssch\u00fctzenfestes in diesem Jahr.<\/div>\n<\/div>\n<\/div>\n\t\t<\/div><\/div><div id=\"pgc-10336-2-1\"  class=\"panel-grid-cell\" ><div id=\"panel-10336-2-1-0\" class=\"so-panel widget widget_sow-image panel-first-child\" data-index=\"3\" ><div\n\t\t\t\n\t\t\tclass=\"so-widget-sow-image so-widget-sow-image-default-8b5b6f678277-10336\"\n\t\t\t\n\t\t>\n<div class=\"sow-image-container\">\n\t\t<img \n\tsrc=\"https:\/\/www.sgmeschede-nord.de\/wpress\/wp-content\/uploads\/2024\/01\/Generalversammlung-2024-12-scaled.jpg\" width=\"2560\" height=\"1707\" srcset=\"https:\/\/www.sgmeschede-nord.de\/wpress\/wp-content\/uploads\/2024\/01\/Generalversammlung-2024-12-scaled.jpg 2560w, https:\/\/www.sgmeschede-nord.de\/wpress\/wp-content\/uploads\/2024\/01\/Generalversammlung-2024-12-300x200.jpg 300w, https:\/\/www.sgmeschede-nord.de\/wpress\/wp-content\/uploads\/2024\/01\/Generalversammlung-2024-12-1024x683.jpg 1024w, https:\/\/www.sgmeschede-nord.de\/wpress\/wp-content\/uploads\/2024\/01\/Generalversammlung-2024-12-768x512.jpg 768w, https:\/\/www.sgmeschede-nord.de\/wpress\/wp-content\/uploads\/2024\/01\/Generalversammlung-2024-12-1536x1024.jpg 1536w, https:\/\/www.sgmeschede-nord.de\/wpress\/wp-content\/uploads\/2024\/01\/Generalversammlung-2024-12-2048x1365.jpg 2048w, https:\/\/www.sgmeschede-nord.de\/wpress\/wp-content\/uploads\/2024\/01\/Generalversammlung-2024-12-120x80.jpg 120w, https:\/\/www.sgmeschede-nord.de\/wpress\/wp-content\/uploads\/2024\/01\/Generalversammlung-2024-12-272x182.jpg 272w\" sizes=\"(max-width: 2560px) 100vw, 2560px\" title=\"Generalversammlung 2024-12\" alt=\"\" \t\tclass=\"so-widget-image\"\/>\n\t<\/div>\n\n<\/div><\/div><div id=\"panel-10336-2-1-1\" class=\"so-panel widget widget_sow-image panel-last-child\" data-index=\"4\" ><div\n\t\t\t\n\t\t\tclass=\"so-widget-sow-image so-widget-sow-image-default-8b5b6f678277-10336\"\n\t\t\t\n\t\t>\n<div class=\"sow-image-container\">\n\t\t<img \n\tsrc=\"https:\/\/www.sgmeschede-nord.de\/wpress\/wp-content\/uploads\/2024\/01\/Generalversammlung-2024_2-scaled.jpg\" width=\"2560\" height=\"1707\" srcset=\"https:\/\/www.sgmeschede-nord.de\/wpress\/wp-content\/uploads\/2024\/01\/Generalversammlung-2024_2-scaled.jpg 2560w, https:\/\/www.sgmeschede-nord.de\/wpress\/wp-content\/uploads\/2024\/01\/Generalversammlung-2024_2-300x200.jpg 300w, https:\/\/www.sgmeschede-nord.de\/wpress\/wp-content\/uploads\/2024\/01\/Generalversammlung-2024_2-1024x683.jpg 1024w, https:\/\/www.sgmeschede-nord.de\/wpress\/wp-content\/uploads\/2024\/01\/Generalversammlung-2024_2-768x512.jpg 768w, https:\/\/www.sgmeschede-nord.de\/wpress\/wp-content\/uploads\/2024\/01\/Generalversammlung-2024_2-1536x1024.jpg 1536w, https:\/\/www.sgmeschede-nord.de\/wpress\/wp-content\/uploads\/2024\/01\/Generalversammlung-2024_2-2048x1365.jpg 2048w, https:\/\/www.sgmeschede-nord.de\/wpress\/wp-content\/uploads\/2024\/01\/Generalversammlung-2024_2-120x80.jpg 120w, https:\/\/www.sgmeschede-nord.de\/wpress\/wp-content\/uploads\/2024\/01\/Generalversammlung-2024_2-272x182.jpg 272w\" sizes=\"(max-width: 2560px) 100vw, 2560px\" title=\"Generalversammlung 2024_2\" alt=\"\" \t\tclass=\"so-widget-image\"\/>\n\t<\/div>\n\n<\/div><\/div><\/div><\/div><\/div>","protected":false},"excerpt":{"rendered":"<p>Am letzten Samstag fand unsere Generalversammlung des Jahres 2024 statt. Im gesch\u00e4ftsf\u00fchrenden Vorstand mussten folgende Posten turnusm\u00e4\u00dfig f\u00fcr 3 Jahre gew\u00e4hlt werden: -1. Kassierer -Schriftf\u00fchrer + stellv. Gesch\u00e4ftsf\u00fchrer Fabian Krick, der den Posten des 1. Kassierers bereits die letzten Jahre inne hatte, stand auch weiterhin hierf\u00fcr zur Verf\u00fcgung und wurde durch die Versammlung wiedergew\u00e4hlt. Ebenfalls wurde Malte Willmes erneut zum [&#8230;]<\/p>\n","protected":false},"author":1,"featured_media":10334,"comment_status":"closed","ping_status":"closed","sticky":false,"template":"","format":"standard","meta":{"pgc_sgb_lightbox_settings":"","footnotes":""},"categories":[1],"tags":[],"class_list":["post-10336","post","type-post","status-publish","format-standard","has-post-thumbnail","hentry","category-allgemein"],"_links":{"self":[{"href":"https:\/\/www.sgmeschede-nord.de\/wpress\/wp-json\/wp\/v2\/posts\/10336","targetHints":{"allow":["GET"]}}],"collection":[{"href":"https:\/\/www.sgmeschede-nord.de\/wpress\/wp-json\/wp\/v2\/posts"}],"about":[{"href":"https:\/\/www.sgmeschede-nord.de\/wpress\/wp-json\/wp\/v2\/types\/post"}],"author":[{"embeddable":true,"href":"https:\/\/www.sgmeschede-nord.de\/wpress\/wp-json\/wp\/v2\/users\/1"}],"replies":[{"embeddable":true,"href":"https:\/\/www.sgmeschede-nord.de\/wpress\/wp-json\/wp\/v2\/comments?post=10336"}],"version-history":[{"count":5,"href":"https:\/\/www.sgmeschede-nord.de\/wpress\/wp-json\/wp\/v2\/posts\/10336\/revisions"}],"predecessor-version":[{"id":10343,"href":"https:\/\/www.sgmeschede-nord.de\/wpress\/wp-json\/wp\/v2\/posts\/10336\/revisions\/10343"}],"wp:featuredmedia":[{"embeddable":true,"href":"https:\/\/www.sgmeschede-nord.de\/wpress\/wp-json\/wp\/v2\/media\/10334"}],"wp:attachment":[{"href":"https:\/\/www.sgmeschede-nord.de\/wpress\/wp-json\/wp\/v2\/media?parent=10336"}],"wp:term":[{"taxonomy":"category","embeddable":true,"href":"https:\/\/www.sgmeschede-nord.de\/wpress\/wp-json\/wp\/v2\/categories?post=10336"},{"taxonomy":"post_tag","embeddable":true,"href":"https:\/\/www.sgmeschede-nord.de\/wpress\/wp-json\/wp\/v2\/tags?post=10336"}],"curies":[{"name":"wp","href":"https:\/\/api.w.org\/{rel}","templated":true}]}}