{"id":10433,"date":"2024-04-21T23:21:22","date_gmt":"2024-04-21T21:21:22","guid":{"rendered":"https:\/\/www.sgmeschede-nord.de\/wpress\/?p=10433"},"modified":"2024-07-23T00:32:33","modified_gmt":"2024-07-22T22:32:33","slug":"familienwandertag","status":"publish","type":"post","link":"https:\/\/www.sgmeschede-nord.de\/wpress\/familienwandertag\/","title":{"rendered":"Familienwandertag"},"content":{"rendered":"<div id=\"pl-10433\"  class=\"panel-layout\" ><div id=\"pg-10433-0\"  class=\"panel-grid panel-no-style\" ><div id=\"pgc-10433-0-0\"  class=\"panel-grid-cell\" ><div id=\"panel-10433-0-0-0\" class=\"so-panel widget widget_text panel-first-child panel-last-child\" data-index=\"0\" >\t\t\t<div class=\"textwidget\"><p>Christi Himmelfahrt ohne eine Wanderung? Da w\u00fcrde sicher was fehlen! Und aus diesem Grund l\u00e4dt Zug 2 an Christi Himmelfahrt zum gem\u00fctlichen Familienwandertag ein.<br class=\"html-br\" \/>Bevor es losgeht, starten wir um 9:30 im Vereinshaus mit einem Fr\u00fchst\u00fcck bei leckeren belegten Br\u00f6tchen. Um 11 Uhr brechen wir dann gemeinsam zur Familienwanderung auf. Wer keine Lust hat zu wandern, ist gerne ab 14 Uhr zum gem\u00fctlichen Beisammensein im Vereinshaus eingeladen.\u00a0<br class=\"html-br\" \/>Auch f\u00fcr die Kinder wird einiges vorbereitet sein.<br class=\"html-br\" \/>Egal ob beim Kinderschminken oder auf der H\u00fcpfburg&#8230;.Wir sind sicher,da wird keine Langeweile aufkommen!\u00a0<br class=\"html-br\" \/>F\u00fcr das leibliche Wohl in fester und fl\u00fcssiger Form ist nat\u00fcrlich auch wieder gesorgt!<br class=\"html-br\" \/><br class=\"html-br\" \/>Wir freuen und auf einen tollen Tag mit vielen Besuchern!<\/p>\n<\/div>\n\t\t<\/div><\/div><div id=\"pgc-10433-0-1\"  class=\"panel-grid-cell\" ><div id=\"panel-10433-0-1-0\" class=\"so-panel widget widget_sow-image panel-first-child panel-last-child\" data-index=\"1\" ><div\n\t\t\t\n\t\t\tclass=\"so-widget-sow-image so-widget-sow-image-default-8b5b6f678277-10433\"\n\t\t\t\n\t\t>\n<div class=\"sow-image-container\">\n\t\t<img \n\tsrc=\"https:\/\/www.sgmeschede-nord.de\/wpress\/wp-content\/uploads\/2024\/04\/Familienwandertag.jpeg\" width=\"1080\" height=\"1080\" srcset=\"https:\/\/www.sgmeschede-nord.de\/wpress\/wp-content\/uploads\/2024\/04\/Familienwandertag.jpeg 1080w, https:\/\/www.sgmeschede-nord.de\/wpress\/wp-content\/uploads\/2024\/04\/Familienwandertag-300x300.jpeg 300w, https:\/\/www.sgmeschede-nord.de\/wpress\/wp-content\/uploads\/2024\/04\/Familienwandertag-1024x1024.jpeg 1024w, https:\/\/www.sgmeschede-nord.de\/wpress\/wp-content\/uploads\/2024\/04\/Familienwandertag-150x150.jpeg 150w, https:\/\/www.sgmeschede-nord.de\/wpress\/wp-content\/uploads\/2024\/04\/Familienwandertag-768x768.jpeg 768w, https:\/\/www.sgmeschede-nord.de\/wpress\/wp-content\/uploads\/2024\/04\/Familienwandertag-90x90.jpeg 90w, https:\/\/www.sgmeschede-nord.de\/wpress\/wp-content\/uploads\/2024\/04\/Familienwandertag-75x75.jpeg 75w, https:\/\/www.sgmeschede-nord.de\/wpress\/wp-content\/uploads\/2024\/04\/Familienwandertag-160x160.jpeg 160w\" sizes=\"(max-width: 1080px) 100vw, 1080px\" alt=\"\" \t\tclass=\"so-widget-image\"\/>\n\t<\/div>\n\n<\/div><\/div><\/div><\/div><\/div>","protected":false},"excerpt":{"rendered":"<p>Christi Himmelfahrt ohne eine Wanderung? Da w\u00fcrde sicher was fehlen! Und aus diesem Grund l\u00e4dt Zug 2 an Christi Himmelfahrt zum gem\u00fctlichen Familienwandertag ein.Bevor es losgeht, starten wir um 9:30 im Vereinshaus mit einem Fr\u00fchst\u00fcck bei leckeren belegten Br\u00f6tchen. Um 11 Uhr brechen wir dann gemeinsam zur Familienwanderung auf. Wer keine Lust hat zu wandern, ist gerne ab 14 Uhr [&#8230;]<\/p>\n","protected":false},"author":1,"featured_media":10431,"comment_status":"closed","ping_status":"closed","sticky":false,"template":"","format":"standard","meta":{"pgc_sgb_lightbox_settings":"","footnotes":""},"categories":[1],"tags":[],"class_list":["post-10433","post","type-post","status-publish","format-standard","has-post-thumbnail","hentry","category-allgemein"],"_links":{"self":[{"href":"https:\/\/www.sgmeschede-nord.de\/wpress\/wp-json\/wp\/v2\/posts\/10433","targetHints":{"allow":["GET"]}}],"collection":[{"href":"https:\/\/www.sgmeschede-nord.de\/wpress\/wp-json\/wp\/v2\/posts"}],"about":[{"href":"https:\/\/www.sgmeschede-nord.de\/wpress\/wp-json\/wp\/v2\/types\/post"}],"author":[{"embeddable":true,"href":"https:\/\/www.sgmeschede-nord.de\/wpress\/wp-json\/wp\/v2\/users\/1"}],"replies":[{"embeddable":true,"href":"https:\/\/www.sgmeschede-nord.de\/wpress\/wp-json\/wp\/v2\/comments?post=10433"}],"version-history":[{"count":1,"href":"https:\/\/www.sgmeschede-nord.de\/wpress\/wp-json\/wp\/v2\/posts\/10433\/revisions"}],"predecessor-version":[{"id":10434,"href":"https:\/\/www.sgmeschede-nord.de\/wpress\/wp-json\/wp\/v2\/posts\/10433\/revisions\/10434"}],"wp:featuredmedia":[{"embeddable":true,"href":"https:\/\/www.sgmeschede-nord.de\/wpress\/wp-json\/wp\/v2\/media\/10431"}],"wp:attachment":[{"href":"https:\/\/www.sgmeschede-nord.de\/wpress\/wp-json\/wp\/v2\/media?parent=10433"}],"wp:term":[{"taxonomy":"category","embeddable":true,"href":"https:\/\/www.sgmeschede-nord.de\/wpress\/wp-json\/wp\/v2\/categories?post=10433"},{"taxonomy":"post_tag","embeddable":true,"href":"https:\/\/www.sgmeschede-nord.de\/wpress\/wp-json\/wp\/v2\/tags?post=10433"}],"curies":[{"name":"wp","href":"https:\/\/api.w.org\/{rel}","templated":true}]}}