{"id":10998,"date":"2024-12-01T13:06:17","date_gmt":"2024-12-01T12:06:17","guid":{"rendered":"https:\/\/www.sgmeschede-nord.de\/wpress\/?p=10998"},"modified":"2025-04-15T00:20:45","modified_gmt":"2025-04-14T22:20:45","slug":"weihnachtsmarkt-2","status":"publish","type":"post","link":"https:\/\/www.sgmeschede-nord.de\/wpress\/weihnachtsmarkt-2\/","title":{"rendered":"Weihnachtsmarkt"},"content":{"rendered":"<div id=\"pl-10998\"  class=\"panel-layout\" ><div id=\"pg-10998-0\"  class=\"panel-grid panel-no-style\" ><div id=\"pgc-10998-0-0\"  class=\"panel-grid-cell\" ><div id=\"panel-10998-0-0-0\" class=\"so-panel widget widget_sow-image panel-first-child panel-last-child\" data-index=\"0\" ><div\n\t\t\t\n\t\t\tclass=\"so-widget-sow-image so-widget-sow-image-default-8b5b6f678277-10998\"\n\t\t\t\n\t\t>\n<div class=\"sow-image-container\">\n\t\t<img \n\tsrc=\"https:\/\/www.sgmeschede-nord.de\/wpress\/wp-content\/uploads\/2024\/12\/Slider_Weihnachtsmarkt.png\" width=\"880\" height=\"350\" srcset=\"https:\/\/www.sgmeschede-nord.de\/wpress\/wp-content\/uploads\/2024\/12\/Slider_Weihnachtsmarkt.png 880w, https:\/\/www.sgmeschede-nord.de\/wpress\/wp-content\/uploads\/2024\/12\/Slider_Weihnachtsmarkt-300x119.png 300w, https:\/\/www.sgmeschede-nord.de\/wpress\/wp-content\/uploads\/2024\/12\/Slider_Weihnachtsmarkt-768x305.png 768w, https:\/\/www.sgmeschede-nord.de\/wpress\/wp-content\/uploads\/2024\/12\/Slider_Weihnachtsmarkt-600x240.png 600w\" sizes=\"(max-width: 880px) 100vw, 880px\" alt=\"\" \t\tclass=\"so-widget-image\"\/>\n\t<\/div>\n\n<\/div><\/div><\/div><\/div><div id=\"pg-10998-1\"  class=\"panel-grid panel-no-style\" ><div id=\"pgc-10998-1-0\"  class=\"panel-grid-cell\" ><div id=\"panel-10998-1-0-0\" class=\"so-panel widget widget_text panel-first-child panel-last-child\" data-index=\"1\" >\t\t\t<div class=\"textwidget\"><div class=\"xdj266r x11i5rnm xat24cr x1mh8g0r x1vvkbs x126k92a\">\n<div dir=\"auto\">\n<div class=\"xdj266r x11i5rnm xat24cr x1mh8g0r x1vvkbs x126k92a\">\n<div dir=\"auto\">Einladung zum Weihnachtsmarkt des Zug 3<\/div>\n<\/div>\n<div class=\"x11i5rnm xat24cr x1mh8g0r x1vvkbs xtlvy1s x126k92a\">\n<div dir=\"auto\">Ho ho ho!!! &#8211; Es ist wieder soweit! Unser allseits bekannter und beliebter Weihnachtsmarkt des Zug 3 \u00f6ffnet bald seine Tore und l\u00e4dt euch herzlich ein, gemeinsam die besinnliche Weihnachtszeit einzul\u00e4uten.<\/div>\n<\/div>\n<div class=\"x11i5rnm xat24cr x1mh8g0r x1vvkbs xtlvy1s x126k92a\">\n<div dir=\"auto\">Datum: 7. &amp; 8. Dezember 2024<\/div>\n<div dir=\"auto\">Ort: vor dem Sch\u00fctzenhaus Meschede-Nord<\/div>\n<\/div>\n<div class=\"x11i5rnm xat24cr x1mh8g0r x1vvkbs xtlvy1s x126k92a\">\n<div dir=\"auto\">Freut euch auf:<\/div>\n<div dir=\"auto\">\n<div class=\"x11i5rnm xat24cr x1mh8g0r x1vvkbs xtlvy1s x126k92a\">\n<div dir=\"auto\">K\u00f6stlichen Gl\u00fchwein und Kinderpunsch<\/div>\n<\/div>\n<div class=\"x11i5rnm xat24cr x1mh8g0r x1vvkbs xtlvy1s x126k92a\">\n<div dir=\"auto\">Reibepl\u00e4tzchen, Waffeln und Flammlachs \u2013 ein wahrer Gaumenschmaus<\/div>\n<\/div>\n<div class=\"x11i5rnm xat24cr x1mh8g0r x1vvkbs xtlvy1s x126k92a\">\n<div dir=\"auto\">Geschenkideen an liebevoll dekorierten St\u00e4nden<\/div>\n<\/div>\n<\/div>\n<\/div>\n<\/div>\n<\/div>\n<\/div>\n\t\t<\/div><\/div><div id=\"pgc-10998-1-1\"  class=\"panel-grid-cell\" ><div id=\"panel-10998-1-1-0\" class=\"so-panel widget widget_sow-image panel-first-child panel-last-child\" data-index=\"2\" ><div\n\t\t\t\n\t\t\tclass=\"so-widget-sow-image so-widget-sow-image-default-8b5b6f678277-10998\"\n\t\t\t\n\t\t>\n<div class=\"sow-image-container\">\n\t\t<img \n\tsrc=\"https:\/\/www.sgmeschede-nord.de\/wpress\/wp-content\/uploads\/2024\/12\/Weihnachtsmarkt_2024.jpg\" width=\"1080\" height=\"1080\" srcset=\"https:\/\/www.sgmeschede-nord.de\/wpress\/wp-content\/uploads\/2024\/12\/Weihnachtsmarkt_2024.jpg 1080w, https:\/\/www.sgmeschede-nord.de\/wpress\/wp-content\/uploads\/2024\/12\/Weihnachtsmarkt_2024-300x300.jpg 300w, https:\/\/www.sgmeschede-nord.de\/wpress\/wp-content\/uploads\/2024\/12\/Weihnachtsmarkt_2024-1024x1024.jpg 1024w, https:\/\/www.sgmeschede-nord.de\/wpress\/wp-content\/uploads\/2024\/12\/Weihnachtsmarkt_2024-150x150.jpg 150w, https:\/\/www.sgmeschede-nord.de\/wpress\/wp-content\/uploads\/2024\/12\/Weihnachtsmarkt_2024-768x768.jpg 768w, https:\/\/www.sgmeschede-nord.de\/wpress\/wp-content\/uploads\/2024\/12\/Weihnachtsmarkt_2024-90x90.jpg 90w, https:\/\/www.sgmeschede-nord.de\/wpress\/wp-content\/uploads\/2024\/12\/Weihnachtsmarkt_2024-75x75.jpg 75w, https:\/\/www.sgmeschede-nord.de\/wpress\/wp-content\/uploads\/2024\/12\/Weihnachtsmarkt_2024-160x160.jpg 160w\" sizes=\"(max-width: 1080px) 100vw, 1080px\" alt=\"\" \t\tclass=\"so-widget-image\"\/>\n\t<\/div>\n\n<\/div><\/div><\/div><\/div><div id=\"pg-10998-2\"  class=\"panel-grid panel-no-style\" ><div id=\"pgc-10998-2-0\"  class=\"panel-grid-cell\" ><div id=\"panel-10998-2-0-0\" class=\"so-panel widget widget_text panel-first-child panel-last-child\" data-index=\"3\" >\t\t\t<div class=\"textwidget\"><div class=\"xdj266r x11i5rnm xat24cr x1mh8g0r x1vvkbs x126k92a\">\n<div dir=\"auto\">\n<div class=\"xdj266r x11i5rnm xat24cr x1mh8g0r x1vvkbs x126k92a\"><\/div>\n<div class=\"x11i5rnm xat24cr x1mh8g0r x1vvkbs xtlvy1s x126k92a\"><\/div>\n<div class=\"x11i5rnm xat24cr x1mh8g0r x1vvkbs xtlvy1s x126k92a\">\n<div dir=\"auto\">Und wie in jedem Jahr schaut auch der Nikolaus pers\u00f6nlich vorbei! Am 08.12. wird er auf dem Weihnachtsmarkt erwartet. F\u00fcr die j\u00fcngsten G\u00e4ste k\u00f6nnen bis zum 2. Dezember Weihnachtst\u00fcten vorbestellt werden. Bitte meldet eure Kinder telefonisch unter 0170\/4933834 an.<\/div>\n<\/div>\n<div class=\"x11i5rnm xat24cr x1mh8g0r x1vvkbs xtlvy1s x126k92a\">\n<div dir=\"auto\">Kommt vorbei und stimmt euch mit uns auf die wunderbare Weihnachtszeit ein!<\/div>\n<\/div>\n<div class=\"x11i5rnm xat24cr x1mh8g0r x1vvkbs xtlvy1s x126k92a\">\n<div dir=\"auto\">Wir freuen uns riesig auf euch und auf zwei unvergessliche Tage voller Glanz, Freude und vorweihnachtlicher Stimmung!<\/div>\n<\/div>\n<div class=\"x11i5rnm xat24cr x1mh8g0r x1vvkbs xtlvy1s x126k92a\">\n<div dir=\"auto\"><\/div>\n<div dir=\"auto\">Euer Zug 3<\/div>\n<\/div>\n<\/div>\n<\/div>\n<\/div>\n\t\t<\/div><\/div><\/div><\/div>","protected":false},"excerpt":{"rendered":"<p>Einladung zum Weihnachtsmarkt des Zug 3 Ho ho ho!!! &#8211; Es ist wieder soweit! Unser allseits bekannter und beliebter Weihnachtsmarkt des Zug 3 \u00f6ffnet bald seine Tore und l\u00e4dt euch herzlich ein, gemeinsam die besinnliche Weihnachtszeit einzul\u00e4uten. Datum: 7. &amp; 8. Dezember 2024 Ort: vor dem Sch\u00fctzenhaus Meschede-Nord Freut euch auf: K\u00f6stlichen Gl\u00fchwein und Kinderpunsch Reibepl\u00e4tzchen, Waffeln und Flammlachs \u2013 [&#8230;]<\/p>\n","protected":false},"author":1,"featured_media":11000,"comment_status":"closed","ping_status":"closed","sticky":false,"template":"","format":"standard","meta":{"pgc_sgb_lightbox_settings":"","footnotes":""},"categories":[1],"tags":[],"class_list":["post-10998","post","type-post","status-publish","format-standard","has-post-thumbnail","hentry","category-allgemein"],"_links":{"self":[{"href":"https:\/\/www.sgmeschede-nord.de\/wpress\/wp-json\/wp\/v2\/posts\/10998","targetHints":{"allow":["GET"]}}],"collection":[{"href":"https:\/\/www.sgmeschede-nord.de\/wpress\/wp-json\/wp\/v2\/posts"}],"about":[{"href":"https:\/\/www.sgmeschede-nord.de\/wpress\/wp-json\/wp\/v2\/types\/post"}],"author":[{"embeddable":true,"href":"https:\/\/www.sgmeschede-nord.de\/wpress\/wp-json\/wp\/v2\/users\/1"}],"replies":[{"embeddable":true,"href":"https:\/\/www.sgmeschede-nord.de\/wpress\/wp-json\/wp\/v2\/comments?post=10998"}],"version-history":[{"count":3,"href":"https:\/\/www.sgmeschede-nord.de\/wpress\/wp-json\/wp\/v2\/posts\/10998\/revisions"}],"predecessor-version":[{"id":11003,"href":"https:\/\/www.sgmeschede-nord.de\/wpress\/wp-json\/wp\/v2\/posts\/10998\/revisions\/11003"}],"wp:featuredmedia":[{"embeddable":true,"href":"https:\/\/www.sgmeschede-nord.de\/wpress\/wp-json\/wp\/v2\/media\/11000"}],"wp:attachment":[{"href":"https:\/\/www.sgmeschede-nord.de\/wpress\/wp-json\/wp\/v2\/media?parent=10998"}],"wp:term":[{"taxonomy":"category","embeddable":true,"href":"https:\/\/www.sgmeschede-nord.de\/wpress\/wp-json\/wp\/v2\/categories?post=10998"},{"taxonomy":"post_tag","embeddable":true,"href":"https:\/\/www.sgmeschede-nord.de\/wpress\/wp-json\/wp\/v2\/tags?post=10998"}],"curies":[{"name":"wp","href":"https:\/\/api.w.org\/{rel}","templated":true}]}}