{"id":11007,"date":"2025-01-07T22:34:26","date_gmt":"2025-01-07T21:34:26","guid":{"rendered":"https:\/\/www.sgmeschede-nord.de\/wpress\/?p=11007"},"modified":"2025-04-26T19:12:48","modified_gmt":"2025-04-26T17:12:48","slug":"einladung-generalversammlung-2025","status":"publish","type":"post","link":"https:\/\/www.sgmeschede-nord.de\/wpress\/einladung-generalversammlung-2025\/","title":{"rendered":"Einladung Generalversammlung 2025"},"content":{"rendered":"<div id=\"pl-11007\"  class=\"panel-layout\" ><div id=\"pg-11007-0\"  class=\"panel-grid panel-no-style\" ><div id=\"pgc-11007-0-0\"  class=\"panel-grid-cell\" ><div id=\"panel-11007-0-0-0\" class=\"so-panel widget widget_text panel-first-child panel-last-child\" data-index=\"0\" >\t\t\t<div class=\"textwidget\"><p>Die Einladungen zur Generalversammlung sind verschickt! Die Tagesordnung findet ihr in der Einladung. Wir freuen uns auf viele Teilnehmer, spannende Gespr\u00e4che und darauf, den Abend anschlie\u00dfend in gem\u00fctlicher Runde ausklingen zu lassen.<\/p>\n<\/div>\n\t\t<\/div><\/div><\/div><div id=\"pg-11007-1\"  class=\"panel-grid panel-no-style\" ><div id=\"pgc-11007-1-0\"  class=\"panel-grid-cell\" ><div id=\"panel-11007-1-0-0\" class=\"so-panel widget widget_sow-image panel-first-child panel-last-child\" data-index=\"1\" ><div\n\t\t\t\n\t\t\tclass=\"so-widget-sow-image so-widget-sow-image-default-8b5b6f678277-11007\"\n\t\t\t\n\t\t>\n<div class=\"sow-image-container\">\n\t\t<img \n\tsrc=\"https:\/\/www.sgmeschede-nord.de\/wpress\/wp-content\/uploads\/2025\/01\/Generalversammlung_2025.jpg\" width=\"1080\" height=\"1080\" srcset=\"https:\/\/www.sgmeschede-nord.de\/wpress\/wp-content\/uploads\/2025\/01\/Generalversammlung_2025.jpg 1080w, https:\/\/www.sgmeschede-nord.de\/wpress\/wp-content\/uploads\/2025\/01\/Generalversammlung_2025-300x300.jpg 300w, https:\/\/www.sgmeschede-nord.de\/wpress\/wp-content\/uploads\/2025\/01\/Generalversammlung_2025-1024x1024.jpg 1024w, https:\/\/www.sgmeschede-nord.de\/wpress\/wp-content\/uploads\/2025\/01\/Generalversammlung_2025-150x150.jpg 150w, https:\/\/www.sgmeschede-nord.de\/wpress\/wp-content\/uploads\/2025\/01\/Generalversammlung_2025-768x768.jpg 768w, https:\/\/www.sgmeschede-nord.de\/wpress\/wp-content\/uploads\/2025\/01\/Generalversammlung_2025-90x90.jpg 90w, https:\/\/www.sgmeschede-nord.de\/wpress\/wp-content\/uploads\/2025\/01\/Generalversammlung_2025-75x75.jpg 75w, https:\/\/www.sgmeschede-nord.de\/wpress\/wp-content\/uploads\/2025\/01\/Generalversammlung_2025-160x160.jpg 160w\" sizes=\"(max-width: 1080px) 100vw, 1080px\" alt=\"\" \t\tclass=\"so-widget-image\"\/>\n\t<\/div>\n\n<\/div><\/div><\/div><\/div><\/div>","protected":false},"excerpt":{"rendered":"<p>Die Einladungen zur Generalversammlung sind verschickt! Die Tagesordnung findet ihr in der Einladung. Wir freuen uns auf viele Teilnehmer, spannende Gespr\u00e4che und darauf, den Abend anschlie\u00dfend in gem\u00fctlicher Runde ausklingen zu lassen.<\/p>\n","protected":false},"author":1,"featured_media":11005,"comment_status":"closed","ping_status":"closed","sticky":false,"template":"","format":"standard","meta":{"pgc_sgb_lightbox_settings":"","footnotes":""},"categories":[1],"tags":[],"class_list":["post-11007","post","type-post","status-publish","format-standard","has-post-thumbnail","hentry","category-allgemein"],"_links":{"self":[{"href":"https:\/\/www.sgmeschede-nord.de\/wpress\/wp-json\/wp\/v2\/posts\/11007","targetHints":{"allow":["GET"]}}],"collection":[{"href":"https:\/\/www.sgmeschede-nord.de\/wpress\/wp-json\/wp\/v2\/posts"}],"about":[{"href":"https:\/\/www.sgmeschede-nord.de\/wpress\/wp-json\/wp\/v2\/types\/post"}],"author":[{"embeddable":true,"href":"https:\/\/www.sgmeschede-nord.de\/wpress\/wp-json\/wp\/v2\/users\/1"}],"replies":[{"embeddable":true,"href":"https:\/\/www.sgmeschede-nord.de\/wpress\/wp-json\/wp\/v2\/comments?post=11007"}],"version-history":[{"count":1,"href":"https:\/\/www.sgmeschede-nord.de\/wpress\/wp-json\/wp\/v2\/posts\/11007\/revisions"}],"predecessor-version":[{"id":11008,"href":"https:\/\/www.sgmeschede-nord.de\/wpress\/wp-json\/wp\/v2\/posts\/11007\/revisions\/11008"}],"wp:featuredmedia":[{"embeddable":true,"href":"https:\/\/www.sgmeschede-nord.de\/wpress\/wp-json\/wp\/v2\/media\/11005"}],"wp:attachment":[{"href":"https:\/\/www.sgmeschede-nord.de\/wpress\/wp-json\/wp\/v2\/media?parent=11007"}],"wp:term":[{"taxonomy":"category","embeddable":true,"href":"https:\/\/www.sgmeschede-nord.de\/wpress\/wp-json\/wp\/v2\/categories?post=11007"},{"taxonomy":"post_tag","embeddable":true,"href":"https:\/\/www.sgmeschede-nord.de\/wpress\/wp-json\/wp\/v2\/tags?post=11007"}],"curies":[{"name":"wp","href":"https:\/\/api.w.org\/{rel}","templated":true}]}}