{"id":11197,"date":"2025-04-15T00:20:22","date_gmt":"2025-04-14T22:20:22","guid":{"rendered":"https:\/\/www.sgmeschede-nord.de\/wpress\/?p=11197"},"modified":"2025-09-15T22:52:06","modified_gmt":"2025-09-15T20:52:06","slug":"1-mai-wanderung","status":"publish","type":"post","link":"https:\/\/www.sgmeschede-nord.de\/wpress\/1-mai-wanderung\/","title":{"rendered":"1. Mai Wanderung 2025"},"content":{"rendered":"<div id=\"pl-11197\"  class=\"panel-layout\" ><div id=\"pg-11197-0\"  class=\"panel-grid panel-no-style\" ><div id=\"pgc-11197-0-0\"  class=\"panel-grid-cell\" ><div id=\"panel-11197-0-0-0\" class=\"so-panel widget widget_text panel-first-child panel-last-child\" data-index=\"0\" >\t\t\t<div class=\"textwidget\"><div dir=\"auto\">Wo ist nur die Zeit geblieben? Gef\u00fchlt war gerade erst Silvester, und schon kann man sich wieder Gedanken dar\u00fcber machen, wie man den 1. Mai verbringen m\u00f6chte.<\/div>\n<div dir=\"auto\">Bevor ihr lange nachdenken m\u00fcsst, kommt doch einfach bei uns vorbei und erlebt einen sch\u00f6nen, entspannten Familienwandertag.<\/div>\n<div dir=\"auto\">Wir freuen uns auf euch!<\/div>\n<\/div>\n\t\t<\/div><\/div><div id=\"pgc-11197-0-1\"  class=\"panel-grid-cell\" ><div id=\"panel-11197-0-1-0\" class=\"so-panel widget widget_sow-image panel-first-child panel-last-child\" data-index=\"1\" ><div\n\t\t\t\n\t\t\tclass=\"so-widget-sow-image so-widget-sow-image-default-8b5b6f678277-11197\"\n\t\t\t\n\t\t>\n<div class=\"sow-image-container\">\n\t\t<img \n\tsrc=\"https:\/\/www.sgmeschede-nord.de\/wpress\/wp-content\/uploads\/2025\/04\/1.Mai-2025.jpg\" width=\"1080\" height=\"1350\" srcset=\"https:\/\/www.sgmeschede-nord.de\/wpress\/wp-content\/uploads\/2025\/04\/1.Mai-2025.jpg 1080w, https:\/\/www.sgmeschede-nord.de\/wpress\/wp-content\/uploads\/2025\/04\/1.Mai-2025-240x300.jpg 240w, https:\/\/www.sgmeschede-nord.de\/wpress\/wp-content\/uploads\/2025\/04\/1.Mai-2025-819x1024.jpg 819w, https:\/\/www.sgmeschede-nord.de\/wpress\/wp-content\/uploads\/2025\/04\/1.Mai-2025-768x960.jpg 768w\" sizes=\"(max-width: 1080px) 100vw, 1080px\" title=\"1.Mai 2025\" alt=\"\" \t\tclass=\"so-widget-image\"\/>\n\t<\/div>\n\n<\/div><\/div><\/div><\/div><\/div>","protected":false},"excerpt":{"rendered":"<p>Wo ist nur die Zeit geblieben? Gef\u00fchlt war gerade erst Silvester, und schon kann man sich wieder Gedanken dar\u00fcber machen, wie man den 1. Mai verbringen m\u00f6chte. Bevor ihr lange nachdenken m\u00fcsst, kommt doch einfach bei uns vorbei und erlebt einen sch\u00f6nen, entspannten Familienwandertag. Wir freuen uns auf euch!<\/p>\n","protected":false},"author":1,"featured_media":11195,"comment_status":"closed","ping_status":"closed","sticky":false,"template":"","format":"standard","meta":{"pgc_sgb_lightbox_settings":"","footnotes":""},"categories":[1],"tags":[],"class_list":["post-11197","post","type-post","status-publish","format-standard","has-post-thumbnail","hentry","category-allgemein"],"_links":{"self":[{"href":"https:\/\/www.sgmeschede-nord.de\/wpress\/wp-json\/wp\/v2\/posts\/11197","targetHints":{"allow":["GET"]}}],"collection":[{"href":"https:\/\/www.sgmeschede-nord.de\/wpress\/wp-json\/wp\/v2\/posts"}],"about":[{"href":"https:\/\/www.sgmeschede-nord.de\/wpress\/wp-json\/wp\/v2\/types\/post"}],"author":[{"embeddable":true,"href":"https:\/\/www.sgmeschede-nord.de\/wpress\/wp-json\/wp\/v2\/users\/1"}],"replies":[{"embeddable":true,"href":"https:\/\/www.sgmeschede-nord.de\/wpress\/wp-json\/wp\/v2\/comments?post=11197"}],"version-history":[{"count":3,"href":"https:\/\/www.sgmeschede-nord.de\/wpress\/wp-json\/wp\/v2\/posts\/11197\/revisions"}],"predecessor-version":[{"id":11206,"href":"https:\/\/www.sgmeschede-nord.de\/wpress\/wp-json\/wp\/v2\/posts\/11197\/revisions\/11206"}],"wp:featuredmedia":[{"embeddable":true,"href":"https:\/\/www.sgmeschede-nord.de\/wpress\/wp-json\/wp\/v2\/media\/11195"}],"wp:attachment":[{"href":"https:\/\/www.sgmeschede-nord.de\/wpress\/wp-json\/wp\/v2\/media?parent=11197"}],"wp:term":[{"taxonomy":"category","embeddable":true,"href":"https:\/\/www.sgmeschede-nord.de\/wpress\/wp-json\/wp\/v2\/categories?post=11197"},{"taxonomy":"post_tag","embeddable":true,"href":"https:\/\/www.sgmeschede-nord.de\/wpress\/wp-json\/wp\/v2\/tags?post=11197"}],"curies":[{"name":"wp","href":"https:\/\/api.w.org\/{rel}","templated":true}]}}