{"id":11597,"date":"2025-11-18T10:52:26","date_gmt":"2025-11-18T09:52:26","guid":{"rendered":"https:\/\/www.sgmeschede-nord.de\/wpress\/?p=11597"},"modified":"2026-03-03T13:18:59","modified_gmt":"2026-03-03T12:18:59","slug":"weihnachts-seniorenkaffee","status":"publish","type":"post","link":"https:\/\/www.sgmeschede-nord.de\/wpress\/weihnachts-seniorenkaffee\/","title":{"rendered":"Weihnachts-Seniorenkaffee"},"content":{"rendered":"<div id=\"pl-11597\"  class=\"panel-layout\" ><div id=\"pg-11597-0\"  class=\"panel-grid panel-no-style\" ><div id=\"pgc-11597-0-0\"  class=\"panel-grid-cell\" ><div id=\"panel-11597-0-0-0\" class=\"so-panel widget widget_sow-image panel-first-child panel-last-child\" data-index=\"0\" ><div\n\t\t\t\n\t\t\tclass=\"so-widget-sow-image so-widget-sow-image-default-8b5b6f678277-11597\"\n\t\t\t\n\t\t>\n<div class=\"sow-image-container\">\n\t\t<img \n\tsrc=\"https:\/\/www.sgmeschede-nord.de\/wpress\/wp-content\/uploads\/2025\/11\/Seniorenkaffee.jpg\" width=\"1080\" height=\"1529\" srcset=\"https:\/\/www.sgmeschede-nord.de\/wpress\/wp-content\/uploads\/2025\/11\/Seniorenkaffee.jpg 1080w, https:\/\/www.sgmeschede-nord.de\/wpress\/wp-content\/uploads\/2025\/11\/Seniorenkaffee-212x300.jpg 212w, https:\/\/www.sgmeschede-nord.de\/wpress\/wp-content\/uploads\/2025\/11\/Seniorenkaffee-723x1024.jpg 723w, https:\/\/www.sgmeschede-nord.de\/wpress\/wp-content\/uploads\/2025\/11\/Seniorenkaffee-768x1087.jpg 768w\" sizes=\"(max-width: 1080px) 100vw, 1080px\" alt=\"\" \t\tclass=\"so-widget-image\"\/>\n\t<\/div>\n\n<\/div><\/div><\/div><div id=\"pgc-11597-0-1\"  class=\"panel-grid-cell\" ><div id=\"panel-11597-0-1-0\" class=\"so-panel widget widget_text panel-first-child\" data-index=\"1\" >\t\t\t<div class=\"textwidget\"><div class=\"xdj266r x14z9mp xat24cr x1lziwak x1vvkbs x126k92a\">\n<div dir=\"auto\">Einladung zum Weihnachts-Seniorenkaffee!<\/div>\n<div dir=\"auto\">Die Sch\u00fctzengemeinschaft Meschede-Nord e.V. l\u00e4dt alle Seniorinnen und Senioren herzlich zu einem gem\u00fctlichen Nachmittag mit Kaffee, Kuchen und weihnachtlicher Stimmung ein.<\/div>\n<\/div>\n<\/div>\n\t\t<\/div><div id=\"panel-11597-0-1-1\" class=\"so-panel widget widget_text\" data-index=\"2\" >\t\t\t<div class=\"textwidget\"><div class=\"xdj266r x14z9mp xat24cr x1lziwak x1vvkbs x126k92a\">\n<div dir=\"auto\">Donnerstag, 04. Dezember 2025<\/div>\n<\/div>\n<div class=\"x14z9mp xat24cr x1lziwak x1vvkbs xtlvy1s x126k92a\">\n<div dir=\"auto\">Ab 14:30 Uhr im Vereinshaus, Meschede-Nord<\/div>\n<div dir=\"auto\">Anmeldung bis 26.11. unter 0291 \/ 7479 (t\u00e4glich ab 14 Uhr)<\/div>\n<\/div>\n<\/div>\n\t\t<\/div><div id=\"panel-11597-0-1-2\" class=\"so-panel widget widget_text panel-last-child\" data-index=\"3\" >\t\t\t<div class=\"textwidget\"><div class=\"xdj266r x14z9mp xat24cr x1lziwak x1vvkbs x126k92a\"><\/div>\n<div class=\"x14z9mp xat24cr x1lziwak x1vvkbs xtlvy1s x126k92a\">\n<div dir=\"auto\">Bitte gebt diese Information auch gerne an alle interessierten Seniorinnen und Senioren weiter.<\/div>\n<\/div>\n<div class=\"x14z9mp xat24cr x1lziwak x1vvkbs xtlvy1s x126k92a\">\n<div dir=\"auto\">Wir freuen uns auf euch und einen besinnlichen Nachmittag in fr\u00f6hlicher Runde!<\/div>\n<\/div>\n<\/div>\n\t\t<\/div><\/div><\/div><div id=\"pg-11597-1\"  class=\"panel-grid panel-no-style\" ><div id=\"pgc-11597-1-0\"  class=\"panel-grid-cell panel-grid-cell-empty\" ><\/div><\/div><\/div>","protected":false},"excerpt":{"rendered":"<p>Einladung zum Weihnachts-Seniorenkaffee! Die Sch\u00fctzengemeinschaft Meschede-Nord e.V. l\u00e4dt alle Seniorinnen und Senioren herzlich zu einem gem\u00fctlichen Nachmittag mit Kaffee, Kuchen und weihnachtlicher Stimmung ein. Donnerstag, 04. Dezember 2025 Ab 14:30 Uhr im Vereinshaus, Meschede-Nord Anmeldung bis 26.11. unter 0291 \/ 7479 (t\u00e4glich ab 14 Uhr) Bitte gebt diese Information auch gerne an alle interessierten Seniorinnen und Senioren weiter. Wir freuen [&#8230;]<\/p>\n","protected":false},"author":1,"featured_media":11594,"comment_status":"closed","ping_status":"closed","sticky":false,"template":"","format":"standard","meta":{"pgc_sgb_lightbox_settings":"","footnotes":""},"categories":[1],"tags":[],"class_list":["post-11597","post","type-post","status-publish","format-standard","has-post-thumbnail","hentry","category-allgemein"],"_links":{"self":[{"href":"https:\/\/www.sgmeschede-nord.de\/wpress\/wp-json\/wp\/v2\/posts\/11597","targetHints":{"allow":["GET"]}}],"collection":[{"href":"https:\/\/www.sgmeschede-nord.de\/wpress\/wp-json\/wp\/v2\/posts"}],"about":[{"href":"https:\/\/www.sgmeschede-nord.de\/wpress\/wp-json\/wp\/v2\/types\/post"}],"author":[{"embeddable":true,"href":"https:\/\/www.sgmeschede-nord.de\/wpress\/wp-json\/wp\/v2\/users\/1"}],"replies":[{"embeddable":true,"href":"https:\/\/www.sgmeschede-nord.de\/wpress\/wp-json\/wp\/v2\/comments?post=11597"}],"version-history":[{"count":4,"href":"https:\/\/www.sgmeschede-nord.de\/wpress\/wp-json\/wp\/v2\/posts\/11597\/revisions"}],"predecessor-version":[{"id":11601,"href":"https:\/\/www.sgmeschede-nord.de\/wpress\/wp-json\/wp\/v2\/posts\/11597\/revisions\/11601"}],"wp:featuredmedia":[{"embeddable":true,"href":"https:\/\/www.sgmeschede-nord.de\/wpress\/wp-json\/wp\/v2\/media\/11594"}],"wp:attachment":[{"href":"https:\/\/www.sgmeschede-nord.de\/wpress\/wp-json\/wp\/v2\/media?parent=11597"}],"wp:term":[{"taxonomy":"category","embeddable":true,"href":"https:\/\/www.sgmeschede-nord.de\/wpress\/wp-json\/wp\/v2\/categories?post=11597"},{"taxonomy":"post_tag","embeddable":true,"href":"https:\/\/www.sgmeschede-nord.de\/wpress\/wp-json\/wp\/v2\/tags?post=11597"}],"curies":[{"name":"wp","href":"https:\/\/api.w.org\/{rel}","templated":true}]}}