{"id":11602,"date":"2025-11-18T10:59:18","date_gmt":"2025-11-18T09:59:18","guid":{"rendered":"https:\/\/www.sgmeschede-nord.de\/wpress\/?p=11602"},"modified":"2026-04-15T19:34:16","modified_gmt":"2026-04-15T17:34:16","slug":"weihnachtsmarkt-3","status":"publish","type":"post","link":"https:\/\/www.sgmeschede-nord.de\/wpress\/weihnachtsmarkt-3\/","title":{"rendered":"Weihnachtsmarkt"},"content":{"rendered":"<div id=\"pl-11602\"  class=\"panel-layout\" ><div id=\"pg-11602-0\"  class=\"panel-grid panel-no-style\" ><div id=\"pgc-11602-0-0\"  class=\"panel-grid-cell\" ><div id=\"panel-11602-0-0-0\" class=\"so-panel widget widget_sow-image panel-first-child panel-last-child\" data-index=\"0\" ><div\n\t\t\t\n\t\t\tclass=\"so-widget-sow-image so-widget-sow-image-default-8b5b6f678277-11602\"\n\t\t\t\n\t\t>\n<div class=\"sow-image-container\">\n\t\t<img \n\tsrc=\"https:\/\/www.sgmeschede-nord.de\/wpress\/wp-content\/uploads\/2025\/11\/Slider_Weihnachtsmarkt.png\" width=\"880\" height=\"350\" srcset=\"https:\/\/www.sgmeschede-nord.de\/wpress\/wp-content\/uploads\/2025\/11\/Slider_Weihnachtsmarkt.png 880w, https:\/\/www.sgmeschede-nord.de\/wpress\/wp-content\/uploads\/2025\/11\/Slider_Weihnachtsmarkt-300x119.png 300w, https:\/\/www.sgmeschede-nord.de\/wpress\/wp-content\/uploads\/2025\/11\/Slider_Weihnachtsmarkt-768x305.png 768w, https:\/\/www.sgmeschede-nord.de\/wpress\/wp-content\/uploads\/2025\/11\/Slider_Weihnachtsmarkt-600x240.png 600w\" sizes=\"(max-width: 880px) 100vw, 880px\" alt=\"\" \t\tclass=\"so-widget-image\"\/>\n\t<\/div>\n\n<\/div><\/div><\/div><\/div><div id=\"pg-11602-1\"  class=\"panel-grid panel-no-style\" ><div id=\"pgc-11602-1-0\"  class=\"panel-grid-cell\" ><div id=\"panel-11602-1-0-0\" class=\"so-panel widget widget_text panel-first-child\" data-index=\"1\" >\t\t\t<div class=\"textwidget\"><div class=\"x14z9mp xat24cr x1lziwak x1vvkbs xtlvy1s x126k92a\">\n<div dir=\"auto\">Ho ho ho! Auch in diesem Jahr l\u00e4dt der Weihnachtsmarkt in Meschede-Nord wieder zum gem\u00fctlichen Beisammensein ein! Kommt vorbei und genie\u00dft mit uns zwei Tage voller weihnachtlicher Stimmung, Leckereien und guter Laune.<\/div>\n<\/div>\n<\/div>\n\t\t<\/div><div id=\"panel-11602-1-0-1\" class=\"so-panel widget widget_text panel-last-child\" data-index=\"2\" >\t\t\t<div class=\"textwidget\"><div class=\"x14z9mp xat24cr x1lziwak x1vvkbs xtlvy1s x126k92a\"><\/div>\n<div class=\"x14z9mp xat24cr x1lziwak x1vvkbs xtlvy1s x126k92a\">\n<div dir=\"auto\">Freut euch auf:<\/div>\n<\/div>\n<div class=\"x14z9mp xat24cr x1lziwak x1vvkbs xtlvy1s x126k92a\">\n<div dir=\"auto\">Gl\u00fchwein &amp; Kinderpunsch zum Aufw\u00e4rmen<\/div>\n<\/div>\n<div class=\"x14z9mp xat24cr x1lziwak x1vvkbs xtlvy1s x126k92a\">\n<div dir=\"auto\">Knusprige Reibepl\u00e4tzchen, duftende Waffeln und leckeren Flammlachs<\/div>\n<\/div>\n<div class=\"x14z9mp xat24cr x1lziwak x1vvkbs xtlvy1s x126k92a\">\n<div dir=\"auto\">Kleine Geschenkideen und Handgemachtes an den liebevoll geschm\u00fcckten Buden<\/div>\n<\/div>\n<\/div>\n\t\t<\/div><\/div><div id=\"pgc-11602-1-1\"  class=\"panel-grid-cell\" ><div id=\"panel-11602-1-1-0\" class=\"so-panel widget widget_text panel-first-child\" data-index=\"3\" >\t\t\t<div class=\"textwidget\"><div class=\"x14z9mp xat24cr x1lziwak x1vvkbs xtlvy1s x126k92a\">\n<div dir=\"auto\">Termine:<\/div>\n<\/div>\n<div class=\"x14z9mp xat24cr x1lziwak x1vvkbs xtlvy1s x126k92a\">\n<div dir=\"auto\">Samstag, 6. Dezember ab 14:30 Uhr<\/div>\n<\/div>\n<div class=\"x14z9mp xat24cr x1lziwak x1vvkbs xtlvy1s x126k92a\">\n<div dir=\"auto\">Sonntag, 7. Dezember ab 12:00 Uhr<\/div>\n<\/div>\n<\/div>\n\t\t<\/div><div id=\"panel-11602-1-1-1\" class=\"so-panel widget widget_text panel-last-child\" data-index=\"4\" >\t\t\t<div class=\"textwidget\"><div class=\"x14z9mp xat24cr x1lziwak x1vvkbs xtlvy1s x126k92a\"><\/div>\n<div class=\"x14z9mp xat24cr x1lziwak x1vvkbs xtlvy1s x126k92a\">\n<div dir=\"auto\">Besonderes Highlight:<\/div>\n<\/div>\n<div class=\"x14z9mp xat24cr x1lziwak x1vvkbs xtlvy1s x126k92a\">\n<div dir=\"auto\">Am Sonntag, den 7. Dezember, schaut ab 16:00 Uhr der Nikolaus vorbei und bringt Kinderaugen zum Leuchten!<\/div>\n<div dir=\"auto\">Anmeldungen f\u00fcr die Weihnachtst\u00fcten werden bis zum 01.12. unter 0170 \/ 4933834 entgegengenommen.<\/div>\n<\/div>\n<div class=\"x14z9mp xat24cr x1lziwak x1vvkbs xtlvy1s x126k92a\">\n<div dir=\"auto\">Kommt vorbei und stimmt euch mit uns auf eine sch\u00f6ne Weihnachtszeit ein!<\/div>\n<\/div>\n<\/div>\n\t\t<\/div><\/div><\/div><\/div>","protected":false},"excerpt":{"rendered":"<p>Ho ho ho! Auch in diesem Jahr l\u00e4dt der Weihnachtsmarkt in Meschede-Nord wieder zum gem\u00fctlichen Beisammensein ein! Kommt vorbei und genie\u00dft mit uns zwei Tage voller weihnachtlicher Stimmung, Leckereien und guter Laune. Freut euch auf: Gl\u00fchwein &amp; Kinderpunsch zum Aufw\u00e4rmen Knusprige Reibepl\u00e4tzchen, duftende Waffeln und leckeren Flammlachs Kleine Geschenkideen und Handgemachtes an den liebevoll geschm\u00fcckten Buden Termine: Samstag, 6. Dezember [&#8230;]<\/p>\n","protected":false},"author":1,"featured_media":11595,"comment_status":"closed","ping_status":"closed","sticky":false,"template":"","format":"standard","meta":{"pgc_sgb_lightbox_settings":"","footnotes":""},"categories":[1],"tags":[],"class_list":["post-11602","post","type-post","status-publish","format-standard","has-post-thumbnail","hentry","category-allgemein"],"_links":{"self":[{"href":"https:\/\/www.sgmeschede-nord.de\/wpress\/wp-json\/wp\/v2\/posts\/11602","targetHints":{"allow":["GET"]}}],"collection":[{"href":"https:\/\/www.sgmeschede-nord.de\/wpress\/wp-json\/wp\/v2\/posts"}],"about":[{"href":"https:\/\/www.sgmeschede-nord.de\/wpress\/wp-json\/wp\/v2\/types\/post"}],"author":[{"embeddable":true,"href":"https:\/\/www.sgmeschede-nord.de\/wpress\/wp-json\/wp\/v2\/users\/1"}],"replies":[{"embeddable":true,"href":"https:\/\/www.sgmeschede-nord.de\/wpress\/wp-json\/wp\/v2\/comments?post=11602"}],"version-history":[{"count":4,"href":"https:\/\/www.sgmeschede-nord.de\/wpress\/wp-json\/wp\/v2\/posts\/11602\/revisions"}],"predecessor-version":[{"id":11607,"href":"https:\/\/www.sgmeschede-nord.de\/wpress\/wp-json\/wp\/v2\/posts\/11602\/revisions\/11607"}],"wp:featuredmedia":[{"embeddable":true,"href":"https:\/\/www.sgmeschede-nord.de\/wpress\/wp-json\/wp\/v2\/media\/11595"}],"wp:attachment":[{"href":"https:\/\/www.sgmeschede-nord.de\/wpress\/wp-json\/wp\/v2\/media?parent=11602"}],"wp:term":[{"taxonomy":"category","embeddable":true,"href":"https:\/\/www.sgmeschede-nord.de\/wpress\/wp-json\/wp\/v2\/categories?post=11602"},{"taxonomy":"post_tag","embeddable":true,"href":"https:\/\/www.sgmeschede-nord.de\/wpress\/wp-json\/wp\/v2\/tags?post=11602"}],"curies":[{"name":"wp","href":"https:\/\/api.w.org\/{rel}","templated":true}]}}