{"id":11666,"date":"2025-12-31T18:27:33","date_gmt":"2025-12-31T17:27:33","guid":{"rendered":"https:\/\/www.sgmeschede-nord.de\/wpress\/?p=11666"},"modified":"2025-12-31T18:27:33","modified_gmt":"2025-12-31T17:27:33","slug":"weihnachtsbaumaktion-2","status":"publish","type":"post","link":"https:\/\/www.sgmeschede-nord.de\/wpress\/weihnachtsbaumaktion-2\/","title":{"rendered":"Weihnachtsbaumaktion"},"content":{"rendered":"<div id=\"pl-11666\"  class=\"panel-layout\" ><div id=\"pg-11666-0\"  class=\"panel-grid panel-no-style\" ><div id=\"pgc-11666-0-0\"  class=\"panel-grid-cell\" ><div id=\"panel-11666-0-0-0\" class=\"so-panel widget widget_sow-image panel-first-child panel-last-child\" data-index=\"0\" ><div\n\t\t\t\n\t\t\tclass=\"so-widget-sow-image so-widget-sow-image-default-8b5b6f678277-11666\"\n\t\t\t\n\t\t>\n<div class=\"sow-image-container\">\n\t\t<img \n\tsrc=\"https:\/\/www.sgmeschede-nord.de\/wpress\/wp-content\/uploads\/2025\/12\/Weihnachtsbaumaktion_1.jpg\" width=\"960\" height=\"1200\" srcset=\"https:\/\/www.sgmeschede-nord.de\/wpress\/wp-content\/uploads\/2025\/12\/Weihnachtsbaumaktion_1.jpg 960w, https:\/\/www.sgmeschede-nord.de\/wpress\/wp-content\/uploads\/2025\/12\/Weihnachtsbaumaktion_1-240x300.jpg 240w, https:\/\/www.sgmeschede-nord.de\/wpress\/wp-content\/uploads\/2025\/12\/Weihnachtsbaumaktion_1-819x1024.jpg 819w, https:\/\/www.sgmeschede-nord.de\/wpress\/wp-content\/uploads\/2025\/12\/Weihnachtsbaumaktion_1-768x960.jpg 768w\" sizes=\"(max-width: 960px) 100vw, 960px\" alt=\"\" \t\tclass=\"so-widget-image\"\/>\n\t<\/div>\n\n<\/div><\/div><\/div><div id=\"pgc-11666-0-1\"  class=\"panel-grid-cell\" ><div id=\"panel-11666-0-1-0\" class=\"so-panel widget widget_sow-image panel-first-child panel-last-child\" data-index=\"1\" ><div\n\t\t\t\n\t\t\tclass=\"so-widget-sow-image so-widget-sow-image-default-8b5b6f678277-11666\"\n\t\t\t\n\t\t>\n<div class=\"sow-image-container\">\n\t\t<img \n\tsrc=\"https:\/\/www.sgmeschede-nord.de\/wpress\/wp-content\/uploads\/2025\/12\/Weihnachtsbaumaktion_2.jpg\" width=\"960\" height=\"1200\" srcset=\"https:\/\/www.sgmeschede-nord.de\/wpress\/wp-content\/uploads\/2025\/12\/Weihnachtsbaumaktion_2.jpg 960w, https:\/\/www.sgmeschede-nord.de\/wpress\/wp-content\/uploads\/2025\/12\/Weihnachtsbaumaktion_2-240x300.jpg 240w, https:\/\/www.sgmeschede-nord.de\/wpress\/wp-content\/uploads\/2025\/12\/Weihnachtsbaumaktion_2-819x1024.jpg 819w, https:\/\/www.sgmeschede-nord.de\/wpress\/wp-content\/uploads\/2025\/12\/Weihnachtsbaumaktion_2-768x960.jpg 768w\" sizes=\"(max-width: 960px) 100vw, 960px\" alt=\"\" \t\tclass=\"so-widget-image\"\/>\n\t<\/div>\n\n<\/div><\/div><\/div><\/div><div id=\"pg-11666-1\"  class=\"panel-grid panel-no-style\" ><div id=\"pgc-11666-1-0\"  class=\"panel-grid-cell\" ><div id=\"panel-11666-1-0-0\" class=\"so-panel widget widget_text panel-first-child panel-last-child\" data-index=\"2\" >\t\t\t<div class=\"textwidget\"><div class=\"xdj266r x14z9mp xat24cr x1lziwak x1vvkbs x126k92a\">\n<div dir=\"auto\">Baum raus \u2013 Gutes getan!<\/div>\n<div dir=\"auto\">Euer Weihnachtsbaum hat ausgedient?<\/div>\n<div dir=\"auto\">Kein Problem \u2013 wir \u00fcbernehmen die Entsorgung f\u00fcr euch!<\/div>\n<\/div>\n<div class=\"x14z9mp xat24cr x1lziwak x1vvkbs xtlvy1s x126k92a\">\n<div dir=\"auto\">Am 10.01.2026<\/div>\n<div dir=\"auto\">Start um 9:15 Uhr<\/div>\n<div dir=\"auto\">Bitte legt eure Weihnachtsb\u00e4ume p\u00fcnktlich und gut sichtbar an die Stra\u00dfe.<\/div>\n<\/div>\n<\/div>\n\t\t<\/div><\/div><div id=\"pgc-11666-1-1\"  class=\"panel-grid-cell\" ><div id=\"panel-11666-1-1-0\" class=\"so-panel widget widget_text panel-first-child panel-last-child\" data-index=\"3\" >\t\t\t<div class=\"textwidget\"><div class=\"xdj266r x14z9mp xat24cr x1lziwak x1vvkbs x126k92a\"><\/div>\n<div class=\"x14z9mp xat24cr x1lziwak x1vvkbs xtlvy1s x126k92a\">\n<div dir=\"auto\">Wie jedes Jahr sammeln unsere flei\u00dfigen Helfer dabei auch wieder Spenden.<\/div>\n<\/div>\n<div class=\"x14z9mp xat24cr x1lziwak x1vvkbs xtlvy1s x126k92a\">\n<div dir=\"auto\">Der Erl\u00f6s geht diesmal an:<\/div>\n<div dir=\"auto\">Jugend THW Meschede<\/div>\n<div dir=\"auto\">Brezelkasse f\u00fcr die Martinsbrezel<\/div>\n<div dir=\"auto\">Wir freuen uns \u00fcber viele Unterst\u00fctzer und Helfer \u2013<\/div>\n<div dir=\"auto\">gemeinsam anpacken f\u00fcr einen guten Zweck!<\/div>\n<\/div>\n<\/div>\n\t\t<\/div><\/div><\/div><\/div>","protected":false},"excerpt":{"rendered":"<p>Baum raus \u2013 Gutes getan! Euer Weihnachtsbaum hat ausgedient? Kein Problem \u2013 wir \u00fcbernehmen die Entsorgung f\u00fcr euch! Am 10.01.2026 Start um 9:15 Uhr Bitte legt eure Weihnachtsb\u00e4ume p\u00fcnktlich und gut sichtbar an die Stra\u00dfe. Wie jedes Jahr sammeln unsere flei\u00dfigen Helfer dabei auch wieder Spenden. Der Erl\u00f6s geht diesmal an: Jugend THW Meschede Brezelkasse f\u00fcr die Martinsbrezel Wir freuen [&#8230;]<\/p>\n","protected":false},"author":1,"featured_media":11663,"comment_status":"closed","ping_status":"closed","sticky":false,"template":"","format":"standard","meta":{"pgc_sgb_lightbox_settings":"","footnotes":""},"categories":[1],"tags":[14],"class_list":["post-11666","post","type-post","status-publish","format-standard","has-post-thumbnail","hentry","category-allgemein","tag-home"],"_links":{"self":[{"href":"https:\/\/www.sgmeschede-nord.de\/wpress\/wp-json\/wp\/v2\/posts\/11666","targetHints":{"allow":["GET"]}}],"collection":[{"href":"https:\/\/www.sgmeschede-nord.de\/wpress\/wp-json\/wp\/v2\/posts"}],"about":[{"href":"https:\/\/www.sgmeschede-nord.de\/wpress\/wp-json\/wp\/v2\/types\/post"}],"author":[{"embeddable":true,"href":"https:\/\/www.sgmeschede-nord.de\/wpress\/wp-json\/wp\/v2\/users\/1"}],"replies":[{"embeddable":true,"href":"https:\/\/www.sgmeschede-nord.de\/wpress\/wp-json\/wp\/v2\/comments?post=11666"}],"version-history":[{"count":3,"href":"https:\/\/www.sgmeschede-nord.de\/wpress\/wp-json\/wp\/v2\/posts\/11666\/revisions"}],"predecessor-version":[{"id":11669,"href":"https:\/\/www.sgmeschede-nord.de\/wpress\/wp-json\/wp\/v2\/posts\/11666\/revisions\/11669"}],"wp:featuredmedia":[{"embeddable":true,"href":"https:\/\/www.sgmeschede-nord.de\/wpress\/wp-json\/wp\/v2\/media\/11663"}],"wp:attachment":[{"href":"https:\/\/www.sgmeschede-nord.de\/wpress\/wp-json\/wp\/v2\/media?parent=11666"}],"wp:term":[{"taxonomy":"category","embeddable":true,"href":"https:\/\/www.sgmeschede-nord.de\/wpress\/wp-json\/wp\/v2\/categories?post=11666"},{"taxonomy":"post_tag","embeddable":true,"href":"https:\/\/www.sgmeschede-nord.de\/wpress\/wp-json\/wp\/v2\/tags?post=11666"}],"curies":[{"name":"wp","href":"https:\/\/api.w.org\/{rel}","templated":true}]}}