{"id":11844,"date":"2026-03-03T13:15:43","date_gmt":"2026-03-03T12:15:43","guid":{"rendered":"https:\/\/www.sgmeschede-nord.de\/wpress\/?p=11844"},"modified":"2026-03-03T13:15:43","modified_gmt":"2026-03-03T12:15:43","slug":"galaabend","status":"publish","type":"post","link":"https:\/\/www.sgmeschede-nord.de\/wpress\/galaabend\/","title":{"rendered":"Galaabend"},"content":{"rendered":"<div id=\"pl-11844\"  class=\"panel-layout\" ><div id=\"pg-11844-0\"  class=\"panel-grid panel-no-style\" ><div id=\"pgc-11844-0-0\"  class=\"panel-grid-cell\" ><div id=\"panel-11844-0-0-0\" class=\"so-panel widget widget_sow-image panel-first-child panel-last-child\" data-index=\"0\" ><div\n\t\t\t\n\t\t\tclass=\"so-widget-sow-image so-widget-sow-image-default-8b5b6f678277-11844\"\n\t\t\t\n\t\t>\n<div class=\"sow-image-container\">\n\t\t<img \n\tsrc=\"https:\/\/www.sgmeschede-nord.de\/wpress\/wp-content\/uploads\/2026\/03\/Galaabend_2026.jpg\" width=\"1080\" height=\"1503\" srcset=\"https:\/\/www.sgmeschede-nord.de\/wpress\/wp-content\/uploads\/2026\/03\/Galaabend_2026.jpg 1080w, https:\/\/www.sgmeschede-nord.de\/wpress\/wp-content\/uploads\/2026\/03\/Galaabend_2026-216x300.jpg 216w, https:\/\/www.sgmeschede-nord.de\/wpress\/wp-content\/uploads\/2026\/03\/Galaabend_2026-736x1024.jpg 736w, https:\/\/www.sgmeschede-nord.de\/wpress\/wp-content\/uploads\/2026\/03\/Galaabend_2026-768x1069.jpg 768w\" sizes=\"(max-width: 1080px) 100vw, 1080px\" alt=\"\" \t\tclass=\"so-widget-image\"\/>\n\t<\/div>\n\n<\/div><\/div><\/div><div id=\"pgc-11844-0-1\"  class=\"panel-grid-cell\" ><div id=\"panel-11844-0-1-0\" class=\"so-panel widget widget_text panel-first-child panel-last-child\" data-index=\"1\" >\t\t\t<div class=\"textwidget\"><div class=\"xdj266r x14z9mp xat24cr x1lziwak x1vvkbs x126k92a\">\n<div dir=\"auto\">Galaabend 2026 \u2013 Wir feiern mit euch!<\/div>\n<\/div>\n<div class=\"x14z9mp xat24cr x1lziwak x1vvkbs xtlvy1s x126k92a\">\n<div dir=\"auto\">Am 11. April 2026 l\u00e4dt unser Zug 2 zu einem unvergesslichen Abend ins Vereinshaus ein.<\/div>\n<\/div>\n<div class=\"x14z9mp xat24cr x1lziwak x1vvkbs xtlvy1s x126k92a\">\n<div dir=\"auto\">Verbringt mit uns ein paar sch\u00f6ne Stunden bei einem tollen Rahmenprogramm, Ehrungen und k\u00fchlem Fassbier in festlicher Atmosph\u00e4re.<\/div>\n<div dir=\"auto\">Special Guests: Gabi Glitzer &amp; Korn Karl<\/div>\n<div dir=\"auto\">Einlass: 18:45 Uhr | Beginn: 19:49 Uhr<\/div>\n<div dir=\"auto\">Sichert euch jetzt euren Sitzplatz unter\u00a001709897031<\/div>\n<div dir=\"auto\">Wir freuen uns auf einen festlichen Abend mit euch!<\/div>\n<\/div>\n<\/div>\n\t\t<\/div><\/div><\/div><\/div>","protected":false},"excerpt":{"rendered":"<p>Galaabend 2026 \u2013 Wir feiern mit euch! Am 11. April 2026 l\u00e4dt unser Zug 2 zu einem unvergesslichen Abend ins Vereinshaus ein. Verbringt mit uns ein paar sch\u00f6ne Stunden bei einem tollen Rahmenprogramm, Ehrungen und k\u00fchlem Fassbier in festlicher Atmosph\u00e4re. Special Guests: Gabi Glitzer &amp; Korn Karl Einlass: 18:45 Uhr | Beginn: 19:49 Uhr Sichert euch jetzt euren Sitzplatz unter\u00a001709897031 [&#8230;]<\/p>\n","protected":false},"author":1,"featured_media":11841,"comment_status":"closed","ping_status":"closed","sticky":false,"template":"","format":"standard","meta":{"pgc_sgb_lightbox_settings":"","footnotes":""},"categories":[1],"tags":[14],"class_list":["post-11844","post","type-post","status-publish","format-standard","has-post-thumbnail","hentry","category-allgemein","tag-home"],"_links":{"self":[{"href":"https:\/\/www.sgmeschede-nord.de\/wpress\/wp-json\/wp\/v2\/posts\/11844","targetHints":{"allow":["GET"]}}],"collection":[{"href":"https:\/\/www.sgmeschede-nord.de\/wpress\/wp-json\/wp\/v2\/posts"}],"about":[{"href":"https:\/\/www.sgmeschede-nord.de\/wpress\/wp-json\/wp\/v2\/types\/post"}],"author":[{"embeddable":true,"href":"https:\/\/www.sgmeschede-nord.de\/wpress\/wp-json\/wp\/v2\/users\/1"}],"replies":[{"embeddable":true,"href":"https:\/\/www.sgmeschede-nord.de\/wpress\/wp-json\/wp\/v2\/comments?post=11844"}],"version-history":[{"count":2,"href":"https:\/\/www.sgmeschede-nord.de\/wpress\/wp-json\/wp\/v2\/posts\/11844\/revisions"}],"predecessor-version":[{"id":11846,"href":"https:\/\/www.sgmeschede-nord.de\/wpress\/wp-json\/wp\/v2\/posts\/11844\/revisions\/11846"}],"wp:featuredmedia":[{"embeddable":true,"href":"https:\/\/www.sgmeschede-nord.de\/wpress\/wp-json\/wp\/v2\/media\/11841"}],"wp:attachment":[{"href":"https:\/\/www.sgmeschede-nord.de\/wpress\/wp-json\/wp\/v2\/media?parent=11844"}],"wp:term":[{"taxonomy":"category","embeddable":true,"href":"https:\/\/www.sgmeschede-nord.de\/wpress\/wp-json\/wp\/v2\/categories?post=11844"},{"taxonomy":"post_tag","embeddable":true,"href":"https:\/\/www.sgmeschede-nord.de\/wpress\/wp-json\/wp\/v2\/tags?post=11844"}],"curies":[{"name":"wp","href":"https:\/\/api.w.org\/{rel}","templated":true}]}}