{"id":9084,"date":"2023-01-30T21:30:06","date_gmt":"2023-01-30T20:30:06","guid":{"rendered":"https:\/\/www.sgmeschede-nord.de\/wpress\/?p=9084"},"modified":"2023-03-20T07:21:18","modified_gmt":"2023-03-20T06:21:18","slug":"infos-generalversammlung-2023","status":"publish","type":"post","link":"https:\/\/www.sgmeschede-nord.de\/wpress\/infos-generalversammlung-2023\/","title":{"rendered":"Infos Generalversammlung 2023"},"content":{"rendered":"<div id=\"pl-9084\"  class=\"panel-layout\" ><div id=\"pg-9084-0\"  class=\"panel-grid panel-no-style\" ><div id=\"pgc-9084-0-0\"  class=\"panel-grid-cell\" ><div id=\"panel-9084-0-0-0\" class=\"so-panel widget widget_text panel-first-child panel-last-child\" data-index=\"0\" >\t\t\t<div class=\"textwidget\"><p>Am 28. Januar 2023 fand die Generalversammlung der Sch\u00fctzengemeinschaft Meschede-Nord im Vereinshaus statt. Neben Ehrungen und Wahlen standen den Samstagabend jede Menge wichtige Punkte wie geplante \u00c4nderungen zum n\u00e4chsten Sch\u00fctzenfest und Anpassungen der Mitgliedsbeitr\u00e4ge auf der Agenda.<\/p>\n<p>Auf diese Punkte ging der 1. Vorsitzende Michael Brieden auch direkt in seiner Begr\u00fc\u00dfungsrede ein und wies auf die schwierige Lage mit r\u00fcckl\u00e4ufigen Besucherzahlen und explodierenden Preisen hin. Erfreulich zu sehen war der Anstieg der Mitglieder auf aktuell 927 Mitglieder. Doch auch dies konnte den r\u00fcckl\u00e4ufigen Bierverkauf beim letztj\u00e4hrigen Sch\u00fctzenfest nicht kompensieren.<\/p>\n<p>Beschlossen wurde durch die Versammlung eine Anpassung des j\u00e4hrlichen Mitgliedsbeitrages auf insgesamt 30 Euro, bei Jugendlichen auf 10 Euro und bei den Rentnern auf 15 Euro. Ebenfalls beschlossen wurde eine Umgestaltung und Verkleinerung des Festzeltes. Eine Ver\u00e4nderung des Festablaufs wurde ebenfalls erstmals diskutiert, wurde aber mit Ausblick auf das anstehende Jubil\u00e4um im Jahr 2024 erst einmal vertagt.<\/p>\n<\/div>\n\t\t<\/div><\/div><\/div><div id=\"pg-9084-1\"  class=\"panel-grid panel-no-style\" ><div id=\"pgc-9084-1-0\"  class=\"panel-grid-cell\" ><div id=\"panel-9084-1-0-0\" class=\"so-panel widget widget_text panel-first-child panel-last-child\" data-index=\"1\" >\t\t\t<div class=\"textwidget\"><p>Bei den Tagesordnungspunkt Ehrung von Vorstandsmitgliedern wurden Sebastian Struwe f\u00fcr 10 Jahre Vorstandsarbeit und Christian Spie\u00df f\u00fcr 20 Jahre gew\u00fcrdigt. Offiziell durch die Generalversammlung verabschiedet wurden die beiden langj\u00e4hrigen Vorstandsmitglieder Peter Schmiedeskamp mit 31 Jahren und Andreas Triebs mit 37 Jahre Vorstandsarbeit. Von der Versammlung wurden folgende Personen in ihren \u00c4mtern best\u00e4tigt: Rafael Bremer (Zugf\u00fchrer Zug 1), Thomas Heinemann (Zugf\u00fchrer Zug 3), Philipp Kovar (Jugendleiter), Yannick B\u00fchrmann (Beisitzer), und Alexander Kotthoff als Leiter der Sportsch\u00fctzen.<\/p>\n<p>Als Hauptmann wurde Kevin Krick wiedergew\u00e4hlt, Lars Malyska als Gesch\u00e4ftsf\u00fchrer. Sebastian Krick wurde zum M\u00e4nnerf\u00e4hnrich gew\u00e4hlt, Ingo Mundes und Matthias Butz als Begleiter der M\u00e4nnerfahnen. Junggesellenf\u00e4hnrich wurde Adrian B\u00fchrmann, dessen beiden Begleiter Patrick B\u00f6defeld und Jan-Niklas Teutenberg sind.<\/p>\n<\/div>\n\t\t<\/div><\/div><div id=\"pgc-9084-1-1\"  class=\"panel-grid-cell\" ><div id=\"panel-9084-1-1-0\" class=\"so-panel widget widget_sow-image panel-first-child\" data-index=\"2\" ><div\n\t\t\t\n\t\t\tclass=\"so-widget-sow-image so-widget-sow-image-default-8b5b6f678277-9084\"\n\t\t\t\n\t\t>\n<div class=\"sow-image-container\">\n\t\t<img \n\tsrc=\"https:\/\/www.sgmeschede-nord.de\/wpress\/wp-content\/uploads\/2023\/01\/gv2023-ehrungen-300x225.jpg\" width=\"300\" height=\"225\" srcset=\"https:\/\/www.sgmeschede-nord.de\/wpress\/wp-content\/uploads\/2023\/01\/gv2023-ehrungen-300x225.jpg 300w, https:\/\/www.sgmeschede-nord.de\/wpress\/wp-content\/uploads\/2023\/01\/gv2023-ehrungen-768x576.jpg 768w, https:\/\/www.sgmeschede-nord.de\/wpress\/wp-content\/uploads\/2023\/01\/gv2023-ehrungen-160x120.jpg 160w, https:\/\/www.sgmeschede-nord.de\/wpress\/wp-content\/uploads\/2023\/01\/gv2023-ehrungen.jpg 1000w\" sizes=\"(max-width: 300px) 100vw, 300px\" alt=\"\" \t\tclass=\"so-widget-image\"\/>\n\t<\/div>\n\n<\/div><\/div><div id=\"panel-9084-1-1-1\" class=\"so-panel widget widget_sow-image panel-last-child\" data-index=\"3\" ><div\n\t\t\t\n\t\t\tclass=\"so-widget-sow-image so-widget-sow-image-default-8b5b6f678277-9084\"\n\t\t\t\n\t\t>\n<div class=\"sow-image-container\">\n\t\t<img \n\tsrc=\"https:\/\/www.sgmeschede-nord.de\/wpress\/wp-content\/uploads\/2023\/01\/gv2023-verabschiedung-300x225.jpg\" width=\"300\" height=\"225\" srcset=\"https:\/\/www.sgmeschede-nord.de\/wpress\/wp-content\/uploads\/2023\/01\/gv2023-verabschiedung-300x225.jpg 300w, https:\/\/www.sgmeschede-nord.de\/wpress\/wp-content\/uploads\/2023\/01\/gv2023-verabschiedung-768x576.jpg 768w, https:\/\/www.sgmeschede-nord.de\/wpress\/wp-content\/uploads\/2023\/01\/gv2023-verabschiedung-160x120.jpg 160w, https:\/\/www.sgmeschede-nord.de\/wpress\/wp-content\/uploads\/2023\/01\/gv2023-verabschiedung.jpg 1000w\" sizes=\"(max-width: 300px) 100vw, 300px\" alt=\"\" \t\tclass=\"so-widget-image\"\/>\n\t<\/div>\n\n<\/div><\/div><\/div><\/div><div id=\"pg-9084-2\"  class=\"panel-grid panel-no-style\" ><div id=\"pgc-9084-2-0\"  class=\"panel-grid-cell\" ><div id=\"panel-9084-2-0-0\" class=\"so-panel widget widget_sow-image panel-first-child\" data-index=\"4\" ><div\n\t\t\t\n\t\t\tclass=\"so-widget-sow-image so-widget-sow-image-default-8b5b6f678277-9084\"\n\t\t\t\n\t\t>\n<div class=\"sow-image-container\">\n\t\t<img \n\tsrc=\"https:\/\/www.sgmeschede-nord.de\/wpress\/wp-content\/uploads\/2023\/01\/gv2023-vorstand_kl.jpg\" width=\"1000\" height=\"750\" srcset=\"https:\/\/www.sgmeschede-nord.de\/wpress\/wp-content\/uploads\/2023\/01\/gv2023-vorstand_kl.jpg 1000w, https:\/\/www.sgmeschede-nord.de\/wpress\/wp-content\/uploads\/2023\/01\/gv2023-vorstand_kl-300x225.jpg 300w, https:\/\/www.sgmeschede-nord.de\/wpress\/wp-content\/uploads\/2023\/01\/gv2023-vorstand_kl-768x576.jpg 768w, https:\/\/www.sgmeschede-nord.de\/wpress\/wp-content\/uploads\/2023\/01\/gv2023-vorstand_kl-160x120.jpg 160w\" sizes=\"(max-width: 1000px) 100vw, 1000px\" alt=\"\" \t\tclass=\"so-widget-image\"\/>\n\t<\/div>\n\n<\/div><\/div><div id=\"panel-9084-2-0-1\" class=\"so-panel widget widget_text panel-last-child\" data-index=\"5\" >\t\t\t<div class=\"textwidget\"><p>Bei der Tannenbaumaktion Anfang Januar konnte eine Spendensumme von 4.140\u20ac gesammelt werden, der dem Spielplatz am Vereinshaus zugutekommen soll.<\/p>\n<\/div>\n\t\t<\/div><\/div><\/div><\/div>","protected":false},"excerpt":{"rendered":"<p>Am 28. Januar 2023 fand die Generalversammlung der Sch\u00fctzengemeinschaft Meschede-Nord im Vereinshaus statt. Neben Ehrungen und Wahlen standen den Samstagabend jede Menge wichtige Punkte wie geplante \u00c4nderungen zum n\u00e4chsten Sch\u00fctzenfest und Anpassungen der Mitgliedsbeitr\u00e4ge auf der Agenda. Auf diese Punkte ging der 1. Vorsitzende Michael Brieden auch direkt in seiner Begr\u00fc\u00dfungsrede ein und wies auf die schwierige Lage mit r\u00fcckl\u00e4ufigen [&#8230;]<\/p>\n","protected":false},"author":1,"featured_media":9093,"comment_status":"closed","ping_status":"closed","sticky":false,"template":"","format":"standard","meta":{"pgc_sgb_lightbox_settings":"","footnotes":""},"categories":[1],"tags":[15],"class_list":["post-9084","post","type-post","status-publish","format-standard","has-post-thumbnail","hentry","category-allgemein","tag-generalversammlung"],"_links":{"self":[{"href":"https:\/\/www.sgmeschede-nord.de\/wpress\/wp-json\/wp\/v2\/posts\/9084","targetHints":{"allow":["GET"]}}],"collection":[{"href":"https:\/\/www.sgmeschede-nord.de\/wpress\/wp-json\/wp\/v2\/posts"}],"about":[{"href":"https:\/\/www.sgmeschede-nord.de\/wpress\/wp-json\/wp\/v2\/types\/post"}],"author":[{"embeddable":true,"href":"https:\/\/www.sgmeschede-nord.de\/wpress\/wp-json\/wp\/v2\/users\/1"}],"replies":[{"embeddable":true,"href":"https:\/\/www.sgmeschede-nord.de\/wpress\/wp-json\/wp\/v2\/comments?post=9084"}],"version-history":[{"count":6,"href":"https:\/\/www.sgmeschede-nord.de\/wpress\/wp-json\/wp\/v2\/posts\/9084\/revisions"}],"predecessor-version":[{"id":9095,"href":"https:\/\/www.sgmeschede-nord.de\/wpress\/wp-json\/wp\/v2\/posts\/9084\/revisions\/9095"}],"wp:featuredmedia":[{"embeddable":true,"href":"https:\/\/www.sgmeschede-nord.de\/wpress\/wp-json\/wp\/v2\/media\/9093"}],"wp:attachment":[{"href":"https:\/\/www.sgmeschede-nord.de\/wpress\/wp-json\/wp\/v2\/media?parent=9084"}],"wp:term":[{"taxonomy":"category","embeddable":true,"href":"https:\/\/www.sgmeschede-nord.de\/wpress\/wp-json\/wp\/v2\/categories?post=9084"},{"taxonomy":"post_tag","embeddable":true,"href":"https:\/\/www.sgmeschede-nord.de\/wpress\/wp-json\/wp\/v2\/tags?post=9084"}],"curies":[{"name":"wp","href":"https:\/\/api.w.org\/{rel}","templated":true}]}}