{"id":9462,"date":"2023-08-04T20:06:05","date_gmt":"2023-08-04T18:06:05","guid":{"rendered":"https:\/\/www.sgmeschede-nord.de\/wpress\/?p=9462"},"modified":"2024-01-03T20:52:18","modified_gmt":"2024-01-03T19:52:18","slug":"tag-des-zuges","status":"publish","type":"post","link":"https:\/\/www.sgmeschede-nord.de\/wpress\/tag-des-zuges\/","title":{"rendered":"Tag des Zuges"},"content":{"rendered":"<div id=\"pl-9462\"  class=\"panel-layout\" ><div id=\"pg-9462-0\"  class=\"panel-grid panel-no-style\" ><div id=\"pgc-9462-0-0\"  class=\"panel-grid-cell\" ><div id=\"panel-9462-0-0-0\" class=\"so-panel widget widget_text panel-first-child panel-last-child\" data-index=\"0\" >\t\t\t<div class=\"textwidget\"><p>Nicht du, nicht ich, sondern WIR! So lautet das Motto vom Tag des Zuges des 2. Zuges am 12.August . Neben einem kleinen Umzug durch den Norden findet das beliebte Preisknobeln statt. In den Abendstunden legt DJ King Kong auf w\u00e4hrend Zugf\u00fchrer Kai es nochmal richtig krachen l\u00e4sst und eine kleine Abschiedsparty schmei\u00dft.<\/p>\n<p>Los geht es um 13:00 Uhr beim Kleingartenverein im Lanfertsweg oder um 15:00 Uhr am Vereinshaus Meschede-Nord.<\/p>\n<\/div>\n\t\t<\/div><\/div><\/div><div id=\"pg-9462-1\"  class=\"panel-grid panel-no-style\" ><div id=\"pgc-9462-1-0\"  class=\"panel-grid-cell\" ><div id=\"panel-9462-1-0-0\" class=\"so-panel widget widget_sow-image panel-first-child panel-last-child\" data-index=\"1\" ><div\n\t\t\t\n\t\t\tclass=\"so-widget-sow-image so-widget-sow-image-default-8b5b6f678277-9462\"\n\t\t\t\n\t\t>\n<div class=\"sow-image-container\">\n\t\t<img \n\tsrc=\"https:\/\/www.sgmeschede-nord.de\/wpress\/wp-content\/uploads\/2023\/08\/TagDesZuges-Zug2.jpeg\" width=\"1080\" height=\"1080\" srcset=\"https:\/\/www.sgmeschede-nord.de\/wpress\/wp-content\/uploads\/2023\/08\/TagDesZuges-Zug2.jpeg 1080w, https:\/\/www.sgmeschede-nord.de\/wpress\/wp-content\/uploads\/2023\/08\/TagDesZuges-Zug2-300x300.jpeg 300w, https:\/\/www.sgmeschede-nord.de\/wpress\/wp-content\/uploads\/2023\/08\/TagDesZuges-Zug2-1024x1024.jpeg 1024w, https:\/\/www.sgmeschede-nord.de\/wpress\/wp-content\/uploads\/2023\/08\/TagDesZuges-Zug2-150x150.jpeg 150w, https:\/\/www.sgmeschede-nord.de\/wpress\/wp-content\/uploads\/2023\/08\/TagDesZuges-Zug2-768x768.jpeg 768w, https:\/\/www.sgmeschede-nord.de\/wpress\/wp-content\/uploads\/2023\/08\/TagDesZuges-Zug2-90x90.jpeg 90w, https:\/\/www.sgmeschede-nord.de\/wpress\/wp-content\/uploads\/2023\/08\/TagDesZuges-Zug2-75x75.jpeg 75w\" sizes=\"(max-width: 1080px) 100vw, 1080px\" alt=\"\" \t\tclass=\"so-widget-image\"\/>\n\t<\/div>\n\n<\/div><\/div><\/div><\/div><\/div>","protected":false},"excerpt":{"rendered":"<p>Nicht du, nicht ich, sondern WIR! So lautet das Motto vom Tag des Zuges des 2. Zuges am 12.August . Neben einem kleinen Umzug durch den Norden findet das beliebte Preisknobeln statt. In den Abendstunden legt DJ King Kong auf w\u00e4hrend Zugf\u00fchrer Kai es nochmal richtig krachen l\u00e4sst und eine kleine Abschiedsparty schmei\u00dft. Los geht es um 13:00 Uhr beim [&#8230;]<\/p>\n","protected":false},"author":1,"featured_media":9460,"comment_status":"closed","ping_status":"closed","sticky":false,"template":"","format":"standard","meta":{"pgc_sgb_lightbox_settings":"","footnotes":""},"categories":[1,5],"tags":[],"class_list":["post-9462","post","type-post","status-publish","format-standard","has-post-thumbnail","hentry","category-allgemein","category-termine"],"_links":{"self":[{"href":"https:\/\/www.sgmeschede-nord.de\/wpress\/wp-json\/wp\/v2\/posts\/9462","targetHints":{"allow":["GET"]}}],"collection":[{"href":"https:\/\/www.sgmeschede-nord.de\/wpress\/wp-json\/wp\/v2\/posts"}],"about":[{"href":"https:\/\/www.sgmeschede-nord.de\/wpress\/wp-json\/wp\/v2\/types\/post"}],"author":[{"embeddable":true,"href":"https:\/\/www.sgmeschede-nord.de\/wpress\/wp-json\/wp\/v2\/users\/1"}],"replies":[{"embeddable":true,"href":"https:\/\/www.sgmeschede-nord.de\/wpress\/wp-json\/wp\/v2\/comments?post=9462"}],"version-history":[{"count":8,"href":"https:\/\/www.sgmeschede-nord.de\/wpress\/wp-json\/wp\/v2\/posts\/9462\/revisions"}],"predecessor-version":[{"id":9998,"href":"https:\/\/www.sgmeschede-nord.de\/wpress\/wp-json\/wp\/v2\/posts\/9462\/revisions\/9998"}],"wp:featuredmedia":[{"embeddable":true,"href":"https:\/\/www.sgmeschede-nord.de\/wpress\/wp-json\/wp\/v2\/media\/9460"}],"wp:attachment":[{"href":"https:\/\/www.sgmeschede-nord.de\/wpress\/wp-json\/wp\/v2\/media?parent=9462"}],"wp:term":[{"taxonomy":"category","embeddable":true,"href":"https:\/\/www.sgmeschede-nord.de\/wpress\/wp-json\/wp\/v2\/categories?post=9462"},{"taxonomy":"post_tag","embeddable":true,"href":"https:\/\/www.sgmeschede-nord.de\/wpress\/wp-json\/wp\/v2\/tags?post=9462"}],"curies":[{"name":"wp","href":"https:\/\/api.w.org\/{rel}","templated":true}]}}